{"id":25616,"date":"2011-05-20T11:47:25","date_gmt":"2011-05-20T11:47:25","guid":{"rendered":"https:\/\/obscom.intervozes.org.br\/wordpress\/?p=25616"},"modified":"2011-05-20T11:47:25","modified_gmt":"2011-05-20T11:47:25","slug":"recomeca-capacitacao-em-projetos-culturais-do-minc","status":"publish","type":"post","link":"https:\/\/obscom.intervozes.org.br\/?p=25616","title":{"rendered":"Recome\u00e7a capacita\u00e7\u00e3o em projetos culturais do MinC"},"content":{"rendered":"<p><span class=\"padrao\">O Minist&eacute;rio da Cultura, por meio da Secretaria de Fomento e Incentivo &agrave; Cultura (Sefic\/MinC) retoma, neste ano, os cursos do Programa de Capacita&ccedil;&atilde;o em Projetos Culturais. O foco, em 2011, ser&aacute; a continuidade das primeiras e terceiras etapas do Programa que constam do curso de nivelamento &agrave; dist&acirc;ncia, destinado a apresentar conceitos b&aacute;sicos do campo da cultura, e da fase avan&ccedil;ada, com m&oacute;dulos para o aprofundamento de conte&uacute;dos.<\/p>\n<p>As oficinas presenciais da segunda etapa &ndash; previstas para as cidades de Fortaleza (CE), Macei&oacute; (AL), Natal (RN), Petrolina (PE), Vit&oacute;ria da Conquista (BA), Santar&eacute;m (PA), Manaus (AM), Palmas (TO), Macap&aacute; (AP) e mais cinco cidades a serem posteriormente definidas &ndash; continuam mantidas, mas ser&atilde;o realizadas em 2012, devido ao corte or&ccedil;ament&aacute;rio anunciado pelo Governo Federal no in&iacute;cio deste ano.<\/p>\n<p>O Programa de Capacita&ccedil;&atilde;o em Projetos Culturais &eacute; uma iniciativa do Minist&eacute;rio da Cultura (MinC), por meio da Secretaria de Fomento e Incentivo &agrave; Cultura (Sefic), em parceria com o Servi&ccedil;o Social da Ind&uacute;stria (Sesi) e o Instituto Ita&uacute; Cultural (IC).<\/p>\n<p>De livre acesso, a primeira etapa apresenta conceitos b&aacute;sicos do campo da cultura, dentro dos m&oacute;dulos de &ldquo;Pol&iacute;ticas P&uacute;blicas de Cultura&rdquo;, &ldquo;Economia e Financiamento da Cultura&rdquo;, &ldquo;Gest&atilde;o Cultural&rdquo; e &ldquo;Direito Autoral&rdquo;. As inscri&ccedil;&otilde;es encontram-se abertas, podendo ser efetuadas at&eacute; 30 de setembro, sendo que, no momento da inscri&ccedil;&atilde;o, o candidato j&aacute; opta pelo polo onde deseja realizar a oficina presencial, que far&aacute; caso tenha alcan&ccedil;ado 70 pontos ou mais na avalia&ccedil;&atilde;o.<\/p>\n<p>Aqueles que cursaram a oficina presencial j&aacute; est&atilde;o recebendo as convoca&ccedil;&otilde;es para se inscreverem, at&eacute; 31\/5, na fase avan&ccedil;ada, que constar&aacute; das disciplinas: &ldquo;Pol&iacute;tica e Gest&atilde;o Cultural&rdquo; e &ldquo;Marketing, Negocia&ccedil;&atilde;o e Apresenta&ccedil;&atilde;o de Projetos&rdquo;. O cumprimento com &ecirc;xito de cada uma d&aacute; direito a um certificado de extens&atilde;o. Essa &eacute; a terceira oferta dos m&oacute;dulos avan&ccedil;ados do Programa, que tiveram in&iacute;cio em julho de 2010 com as primeiras turmas piloto, na disciplina de &ldquo;Projetos Culturais&rdquo;, a qual se estendeu at&eacute; setembro do ano passado. No in&iacute;cio deste ano, houve a segunda oferta, na disciplina de &ldquo;Pol&iacute;tica e Gest&atilde;o Cultural&rdquo;, realizada de janeiro a abril.<\/p>\n<p>J&aacute; a disciplina &ldquo;Marketing, Negocia&ccedil;&atilde;o e Apresenta&ccedil;&atilde;o de Projetos&rdquo;, com carga hor&aacute;ria de 15 horas, ser&aacute; destinada aos que cursaram &ldquo;Pol&iacute;tica e Gest&atilde;o Cultural&rdquo; entre janeiro e abril deste ano.<\/p>\n<p>&ldquo;O MinC reconhece a import&acirc;ncia do Programa para qualificar a elabora&ccedil;&atilde;o de projetos culturais e otimizar a utiliza&ccedil;&atilde;o dos recursos p&uacute;blicos no setor. Por isso nos empenhamos em n&atilde;o paralisar o curso, mantendo duas fases abertas&rdquo;, disse o Secret&aacute;rio de Fomento e Incentivo &agrave; Cultura, Henilton Menezes.<\/span><\/p>\n","protected":false},"excerpt":{"rendered":"<p>O Minist&eacute;rio da Cultura, por meio da Secretaria de Fomento e Incentivo &agrave; Cultura (Sefic\/MinC) retoma, neste ano, os cursos do Programa de Capacita&ccedil;&atilde;o em Projetos Culturais. O foco, em 2011, ser&aacute; a continuidade das primeiras e terceiras etapas do Programa que constam do curso de nivelamento &agrave; dist&acirc;ncia, destinado a apresentar conceitos b&aacute;sicos do &hellip; <a href=\"https:\/\/obscom.intervozes.org.br\/?p=25616\" class=\"more-link\">Continue lendo <span class=\"screen-reader-text\">Recome\u00e7a capacita\u00e7\u00e3o em projetos culturais do MinC<\/span> <span class=\"meta-nav\">&rarr;<\/span><\/a><\/p>\n","protected":false},"author":1,"featured_media":0,"comment_status":"open","ping_status":"open","sticky":false,"template":"","format":"standard","meta":{"footnotes":""},"categories":[40],"tags":[1524],"_links":{"self":[{"href":"https:\/\/obscom.intervozes.org.br\/index.php?rest_route=\/wp\/v2\/posts\/25616"}],"collection":[{"href":"https:\/\/obscom.intervozes.org.br\/index.php?rest_route=\/wp\/v2\/posts"}],"about":[{"href":"https:\/\/obscom.intervozes.org.br\/index.php?rest_route=\/wp\/v2\/types\/post"}],"author":[{"embeddable":true,"href":"https:\/\/obscom.intervozes.org.br\/index.php?rest_route=\/wp\/v2\/users\/1"}],"replies":[{"embeddable":true,"href":"https:\/\/obscom.intervozes.org.br\/index.php?rest_route=%2Fwp%2Fv2%2Fcomments&post=25616"}],"version-history":[{"count":0,"href":"https:\/\/obscom.intervozes.org.br\/index.php?rest_route=\/wp\/v2\/posts\/25616\/revisions"}],"wp:attachment":[{"href":"https:\/\/obscom.intervozes.org.br\/index.php?rest_route=%2Fwp%2Fv2%2Fmedia&parent=25616"}],"wp:term":[{"taxonomy":"category","embeddable":true,"href":"https:\/\/obscom.intervozes.org.br\/index.php?rest_route=%2Fwp%2Fv2%2Fcategories&post=25616"},{"taxonomy":"post_tag","embeddable":true,"href":"https:\/\/obscom.intervozes.org.br\/index.php?rest_route=%2Fwp%2Fv2%2Ftags&post=25616"}],"curies":[{"name":"wp","href":"https:\/\/api.w.org\/{rel}","templated":true}]}}