{"id":25615,"date":"2011-05-20T11:44:10","date_gmt":"2011-05-20T11:44:10","guid":{"rendered":"https:\/\/obscom.intervozes.org.br\/wordpress\/?p=25615"},"modified":"2011-05-20T11:44:10","modified_gmt":"2011-05-20T11:44:10","slug":"telebras-esclarece-que-usara-cinco-pares-de-fibras-do-sistema-eletrico-e-da-petrobras","status":"publish","type":"post","link":"https:\/\/obscom.intervozes.org.br\/?p=25615","title":{"rendered":"Telebr\u00e1s esclarece que usar\u00e1 cinco pares de fibras do sistema el\u00e9trico e da Petrobr\u00e1s"},"content":{"rendered":"<p><strong><span class=\"createby\">Miriam Aquino &#8211; Teles&iacute;ntese<\/span><\/strong><\/p>\n<p>A Telebr&aacute;s esclareceu hoje que a sua infraestrutura contar&aacute; com cinco pares de fibras pertencentes ao sistema el&eacute;trico e &agrave; Petrobr&aacute;s, e n&atilde;o &agrave; Eletronet, conforme foi publicado ontem por este portal.<br \/>A assessoria de imprensa da empresa assinalou que a decis&atilde;o da justi&ccedil;a do Rio de Janeiro, ao conceder a imiss&atilde;o de posse para a Uni&atilde;o (atrav&eacute;s das concession&aacute;rias de energia el&eacute;trica) da massa falida da Eletronet, preservou para a mesma massa falida apenas as quatro fibras acesas que estavam sendo usadas pela empresa. As demais 40&nbsp; fibras apagadas &eacute; que foram repassadas para a Uni&atilde;o. Algumas dessas fibras &eacute; que ser&atilde;o usadas pela Telebr&aacute;s no Plano Nacional de Banda Larga (PNBL).<\/p>\n<p>A disputa por essas infraestrutura de telecom&nbsp; ocorre h&aacute; alguns anos. Nesta disputa est&atilde;o os controladores da Eletronet (que j&aacute; mudaram v&aacute;rias vezes), os fornecedores das fibras &#8211; Furukawa e Alcatel-Lucent- que n&atilde;o foram pagos, e empresas de energia el&eacute;trica, propriet&aacute;rias finais desta rede. Em 2009, a 5&ordm; Vara Empresarial da Justi&ccedil;a do Estado do Rio de Janeiro, decidiu conceder a imiss&atilde;o de posse para as concession&aacute;rias de energia, o que permitiu ao governo come&ccedil;ar pensar em resgatar a Telebr&aacute;s. <\/p>\n","protected":false},"excerpt":{"rendered":"<p>Miriam Aquino &#8211; Teles&iacute;ntese A Telebr&aacute;s esclareceu hoje que a sua infraestrutura contar&aacute; com cinco pares de fibras pertencentes ao sistema el&eacute;trico e &agrave; Petrobr&aacute;s, e n&atilde;o &agrave; Eletronet, conforme foi publicado ontem por este portal.A assessoria de imprensa da empresa assinalou que a decis&atilde;o da justi&ccedil;a do Rio de Janeiro, ao conceder a imiss&atilde;o &hellip; <a href=\"https:\/\/obscom.intervozes.org.br\/?p=25615\" class=\"more-link\">Continue lendo <span class=\"screen-reader-text\">Telebr\u00e1s esclarece que usar\u00e1 cinco pares de fibras do sistema el\u00e9trico e da Petrobr\u00e1s<\/span> <span class=\"meta-nav\">&rarr;<\/span><\/a><\/p>\n","protected":false},"author":1,"featured_media":0,"comment_status":"open","ping_status":"open","sticky":false,"template":"","format":"standard","meta":{"footnotes":""},"categories":[39],"tags":[],"_links":{"self":[{"href":"https:\/\/obscom.intervozes.org.br\/index.php?rest_route=\/wp\/v2\/posts\/25615"}],"collection":[{"href":"https:\/\/obscom.intervozes.org.br\/index.php?rest_route=\/wp\/v2\/posts"}],"about":[{"href":"https:\/\/obscom.intervozes.org.br\/index.php?rest_route=\/wp\/v2\/types\/post"}],"author":[{"embeddable":true,"href":"https:\/\/obscom.intervozes.org.br\/index.php?rest_route=\/wp\/v2\/users\/1"}],"replies":[{"embeddable":true,"href":"https:\/\/obscom.intervozes.org.br\/index.php?rest_route=%2Fwp%2Fv2%2Fcomments&post=25615"}],"version-history":[{"count":0,"href":"https:\/\/obscom.intervozes.org.br\/index.php?rest_route=\/wp\/v2\/posts\/25615\/revisions"}],"wp:attachment":[{"href":"https:\/\/obscom.intervozes.org.br\/index.php?rest_route=%2Fwp%2Fv2%2Fmedia&parent=25615"}],"wp:term":[{"taxonomy":"category","embeddable":true,"href":"https:\/\/obscom.intervozes.org.br\/index.php?rest_route=%2Fwp%2Fv2%2Fcategories&post=25615"},{"taxonomy":"post_tag","embeddable":true,"href":"https:\/\/obscom.intervozes.org.br\/index.php?rest_route=%2Fwp%2Fv2%2Ftags&post=25615"}],"curies":[{"name":"wp","href":"https:\/\/api.w.org\/{rel}","templated":true}]}}