{"id":25601,"date":"2011-05-17T16:45:55","date_gmt":"2011-05-17T16:45:55","guid":{"rendered":"https:\/\/obscom.intervozes.org.br\/wordpress\/?p=25601"},"modified":"2011-05-17T16:45:55","modified_gmt":"2011-05-17T16:45:55","slug":"ministro-diz-que-pais-tem-condicoes-de-dobrar-acesso-a-internet-em-quatro-anos","status":"publish","type":"post","link":"https:\/\/obscom.intervozes.org.br\/?p=25601","title":{"rendered":"Ministro diz que pa\u00eds tem condi\u00e7\u00f5es de dobrar acesso \u00e0 internet em quatro anos"},"content":{"rendered":"<p><span class=\"padrao\">O Brasil tem condi&ccedil;&otilde;es de dobrar o acesso &agrave; internet em quatro anos, na avalia&ccedil;&atilde;o do ministro das Comunica&ccedil;&otilde;es, Paulo Bernardo. Mas, segundo ele, para atender &agrave; demanda existente no pa&iacute;s, &eacute; necess&aacute;rio triplicar o n&uacute;mero de acessos. Para Paulo Bernardo, a universaliza&ccedil;&atilde;o do servi&ccedil;o depende do aprimoramento da regulamenta&ccedil;&atilde;o do setor.<\/p>\n<p>&ldquo;Tem muita gente que quer ter acesso &agrave;s tecnologias, mas n&atilde;o tem porque &eacute; caro ou n&atilde;o h&aacute; oferta suficiente&rdquo;, disse o ministro, ap&oacute;s participar do semin&aacute;rio Est&iacute;mulos &agrave; Pesquisa, Desenvolvimento e Inova&ccedil;&atilde;o (PD&amp;I) no Setor de Telecomunica&ccedil;&otilde;es, promovido pela Ag&ecirc;ncia Nacional de Telecomunica&ccedil;&otilde;es (Anatel) e pelo Instituto de Pesquisa Econ&ocirc;mica Aplicada (Ipea).<\/p>\n<p>O ministro refor&ccedil;ou o interesse de empresas coreanas de oferecer sistema de acesso &agrave; internet no Brasil, mas disse que ser&aacute; preciso haver uma regulamenta&ccedil;&atilde;o para que isso ocorra. Ele esteve na Coreia na semana passada e discutiu o assunto com empres&aacute;rios.<\/p>\n<p>Para o presidente da Anatel, Ronaldo Sardenberg, a ag&ecirc;ncia reguladora tem progredido &ldquo;a passos largos para aperfei&ccedil;oar a regula&ccedil;&atilde;o, em especial no que diz respeito &agrave; qualidade dos servi&ccedil;os, direitos do consumidor, competi&ccedil;&atilde;o e converg&ecirc;ncia&rdquo;.<\/p>\n<p>Na avalia&ccedil;&atilde;o de Sadenberg, as diferen&ccedil;as do setor no Brasil em rela&ccedil;&atilde;o aos pa&iacute;ses &ldquo;mais avan&ccedil;ados&rdquo; s&atilde;o apenas em parte uma quest&atilde;o regulat&oacute;ria. &ldquo;&Eacute; necess&aacute;rio que os players [empresas que atuam no setor] desse mercado tenham um papel mais ativo, eu arriscaria mesmo a dizer mais ousado, e que atuem de maneira a n&atilde;o somente importar modelos de neg&oacute;cios, mas tamb&eacute;m a inovar, em todos os aspectos de suas atividades&rdquo;, disse.<\/span><\/p>\n","protected":false},"excerpt":{"rendered":"<p>O Brasil tem condi&ccedil;&otilde;es de dobrar o acesso &agrave; internet em quatro anos, na avalia&ccedil;&atilde;o do ministro das Comunica&ccedil;&otilde;es, Paulo Bernardo. Mas, segundo ele, para atender &agrave; demanda existente no pa&iacute;s, &eacute; necess&aacute;rio triplicar o n&uacute;mero de acessos. Para Paulo Bernardo, a universaliza&ccedil;&atilde;o do servi&ccedil;o depende do aprimoramento da regulamenta&ccedil;&atilde;o do setor. &ldquo;Tem muita gente &hellip; <a href=\"https:\/\/obscom.intervozes.org.br\/?p=25601\" class=\"more-link\">Continue lendo <span class=\"screen-reader-text\">Ministro diz que pa\u00eds tem condi\u00e7\u00f5es de dobrar acesso \u00e0 internet em quatro anos<\/span> <span class=\"meta-nav\">&rarr;<\/span><\/a><\/p>\n","protected":false},"author":1,"featured_media":0,"comment_status":"open","ping_status":"open","sticky":false,"template":"","format":"standard","meta":{"footnotes":""},"categories":[40],"tags":[1429],"_links":{"self":[{"href":"https:\/\/obscom.intervozes.org.br\/index.php?rest_route=\/wp\/v2\/posts\/25601"}],"collection":[{"href":"https:\/\/obscom.intervozes.org.br\/index.php?rest_route=\/wp\/v2\/posts"}],"about":[{"href":"https:\/\/obscom.intervozes.org.br\/index.php?rest_route=\/wp\/v2\/types\/post"}],"author":[{"embeddable":true,"href":"https:\/\/obscom.intervozes.org.br\/index.php?rest_route=\/wp\/v2\/users\/1"}],"replies":[{"embeddable":true,"href":"https:\/\/obscom.intervozes.org.br\/index.php?rest_route=%2Fwp%2Fv2%2Fcomments&post=25601"}],"version-history":[{"count":0,"href":"https:\/\/obscom.intervozes.org.br\/index.php?rest_route=\/wp\/v2\/posts\/25601\/revisions"}],"wp:attachment":[{"href":"https:\/\/obscom.intervozes.org.br\/index.php?rest_route=%2Fwp%2Fv2%2Fmedia&parent=25601"}],"wp:term":[{"taxonomy":"category","embeddable":true,"href":"https:\/\/obscom.intervozes.org.br\/index.php?rest_route=%2Fwp%2Fv2%2Fcategories&post=25601"},{"taxonomy":"post_tag","embeddable":true,"href":"https:\/\/obscom.intervozes.org.br\/index.php?rest_route=%2Fwp%2Fv2%2Ftags&post=25601"}],"curies":[{"name":"wp","href":"https:\/\/api.w.org\/{rel}","templated":true}]}}