{"id":25600,"date":"2011-05-17T16:04:18","date_gmt":"2011-05-17T16:04:18","guid":{"rendered":"https:\/\/obscom.intervozes.org.br\/wordpress\/?p=25600"},"modified":"2011-05-17T16:04:18","modified_gmt":"2011-05-17T16:04:18","slug":"anatel-aprova-scm-para-sky-mas-ainda-ha-polemica-sobre-preco-da-faixa-de-25-ghz","status":"publish","type":"post","link":"https:\/\/obscom.intervozes.org.br\/?p=25600","title":{"rendered":"Anatel aprova SCM para Sky, mas ainda h\u00e1 pol\u00eamica sobre pre\u00e7o da faixa de 2,5 GHz"},"content":{"rendered":"<p><span class=\"padrao\">A Anatel aprovou na semana passada o pedido de licen&ccedil;a de SCM para a operadora Sky, que pretende operar o servi&ccedil;o de banda larga na faixa de 2,5 GHz. Mas a pol&ecirc;mica em torno da libera&ccedil;&atilde;o do SCM na faixa do MMDS est&aacute; ainda longe de uma pol&ecirc;mica. Isso porque a Anatel precisa, ainda, dizer como ser&aacute; feita a libera&ccedil;&atilde;o e a cobran&ccedil;a da faixa de 2,5 GHz para o SCM.<\/p>\n<p>Ainda n&atilde;o existe uma tend&ecirc;ncia clara dentro da ag&ecirc;ncia. Parte da &aacute;rea t&eacute;cnica quer que a operadora seja liberada a usar a faixa para SCM imediatamente e que depois, quando a Anatel definir o pre&ccedil;o a ser cobrado pelo espectro de 2,5 GHz, os operadores tenham que pagar o proporcional.<\/p>\n<p>A &aacute;rea jur&iacute;dica da ag&ecirc;ncia, em parecer espec&iacute;fico sobre um questionamento feito pelo gabinete da conselheira Em&iacute;lia Ribeiro, teria tido que o aconselh&aacute;vel &eacute; ter j&aacute; um pre&ccedil;o definido, mas que a cobran&ccedil;a pode ser feita depois. E outra parte dos t&eacute;cnicos da ag&ecirc;ncia entende que a Anatel precisa dizer antes como &eacute; que vai cobrar os operadores para s&oacute; ent&atilde;o liberar a faixa.<\/p>\n<p>Vale lembrar que em 2009, quando a Anatel liberou a renova&ccedil;&atilde;o de outorgas de MMDS sem dizer quanto cobraria por isso (e at&eacute; hoje a quest&atilde;o est&aacute; pendente, aguardando justamente a metodologia de c&aacute;lculo da faixa de 2,5 GHz), operadoras como a Sky tomaram a medida de buscar na Justi&ccedil;a o direito de recolher em ju&iacute;zo apenas o PPDUR (Pre&ccedil;o P&uacute;blico pelo Direito de Uso de Radiofrequ&ecirc;ncia).<\/p>\n<p>Acredita-se no mercado que no momento em que a Anatel estabele&ccedil;a valores muito mais altos, as operadoras questionem a inviabilidade de pagar o que for estabelecido e usem o precedente da Sky como argumento.<\/span><\/p>\n","protected":false},"excerpt":{"rendered":"<p>A Anatel aprovou na semana passada o pedido de licen&ccedil;a de SCM para a operadora Sky, que pretende operar o servi&ccedil;o de banda larga na faixa de 2,5 GHz. Mas a pol&ecirc;mica em torno da libera&ccedil;&atilde;o do SCM na faixa do MMDS est&aacute; ainda longe de uma pol&ecirc;mica. Isso porque a Anatel precisa, ainda, dizer &hellip; <a href=\"https:\/\/obscom.intervozes.org.br\/?p=25600\" class=\"more-link\">Continue lendo <span class=\"screen-reader-text\">Anatel aprova SCM para Sky, mas ainda h\u00e1 pol\u00eamica sobre pre\u00e7o da faixa de 2,5 GHz<\/span> <span class=\"meta-nav\">&rarr;<\/span><\/a><\/p>\n","protected":false},"author":1,"featured_media":0,"comment_status":"open","ping_status":"open","sticky":false,"template":"","format":"standard","meta":{"footnotes":""},"categories":[40],"tags":[551],"_links":{"self":[{"href":"https:\/\/obscom.intervozes.org.br\/index.php?rest_route=\/wp\/v2\/posts\/25600"}],"collection":[{"href":"https:\/\/obscom.intervozes.org.br\/index.php?rest_route=\/wp\/v2\/posts"}],"about":[{"href":"https:\/\/obscom.intervozes.org.br\/index.php?rest_route=\/wp\/v2\/types\/post"}],"author":[{"embeddable":true,"href":"https:\/\/obscom.intervozes.org.br\/index.php?rest_route=\/wp\/v2\/users\/1"}],"replies":[{"embeddable":true,"href":"https:\/\/obscom.intervozes.org.br\/index.php?rest_route=%2Fwp%2Fv2%2Fcomments&post=25600"}],"version-history":[{"count":0,"href":"https:\/\/obscom.intervozes.org.br\/index.php?rest_route=\/wp\/v2\/posts\/25600\/revisions"}],"wp:attachment":[{"href":"https:\/\/obscom.intervozes.org.br\/index.php?rest_route=%2Fwp%2Fv2%2Fmedia&parent=25600"}],"wp:term":[{"taxonomy":"category","embeddable":true,"href":"https:\/\/obscom.intervozes.org.br\/index.php?rest_route=%2Fwp%2Fv2%2Fcategories&post=25600"},{"taxonomy":"post_tag","embeddable":true,"href":"https:\/\/obscom.intervozes.org.br\/index.php?rest_route=%2Fwp%2Fv2%2Ftags&post=25600"}],"curies":[{"name":"wp","href":"https:\/\/api.w.org\/{rel}","templated":true}]}}