{"id":25573,"date":"2011-05-09T16:17:35","date_gmt":"2011-05-09T16:17:35","guid":{"rendered":"https:\/\/obscom.intervozes.org.br\/wordpress\/?p=25573"},"modified":"2011-05-09T16:17:35","modified_gmt":"2011-05-09T16:17:35","slug":"tuiteiro-do-alemao-lanca-portal-de-noticias-das-favelas-do-rio","status":"publish","type":"post","link":"https:\/\/obscom.intervozes.org.br\/?p=25573","title":{"rendered":"Tuiteiro do Alem\u00e3o lan\u00e7a portal de not\u00edcias das favelas do Rio"},"content":{"rendered":"<p><span class=\"padrao\">Nesta sexta-feira (6), cinco meses depois de se tornar uma das principais fontes comunit&aacute;rias da ocupa&ccedil;&atilde;o da pol&iacute;cia do Rio de Janeiro no Complexo do Alem&atilde;o, o estudante Ren&ecirc; Silva Santos, 17, lan&ccedil;a um portal de not&iacute;cias sobre as favelas cariocas.<\/p>\n<p>O novo site, batizado de &quot;Voz das Comunidades&quot; (www.vozdascomunidades.com.br), &eacute; uma expans&atilde;o do perfil do Twitter @VozDaComunidade. Em novembro, antes da opera&ccedil;&atilde;o que expulsou traficantes da Vila Cruzeiro e do Complexo do Alem&atilde;o, Ren&ecirc; era seguido por 180 usu&aacute;rios, uma audi&ecirc;ncia que se multiplicou &agrave; medida que o perfil descrevia detalhes exclusivos sobre a retomada do morro pelo governo.<\/p>\n<p>Hoje, mais de 50 mil pessoas acompanham o cotidiano no Alem&atilde;o atrav&eacute;s dos relatos de Ren&ecirc;, e muitos apoiam suas investidas sociais. Na p&aacute;scoa, por exemplo, o estudante conseguiu arrecadar, pelo Twitter, recursos suficientes para doar 950 ovos de chocolate e 400 caixas de bombom para as crian&ccedil;as do Alem&atilde;o.<\/p>\n<p>Com o &quot;Voz da Comunidade&quot;, Ren&ecirc; planeja oferecer a outras favelas do Rio de Janeiro o megafone virtual que conseguiu construir para o seu bairro. &quot;A ideia, a princ&iacute;pio, &eacute; contar com cerca de 20 volunt&aacute;rios que v&atilde;o passar informa&ccedil;&otilde;es e fazer mat&eacute;rias do que acontece nas comunidades&quot;, explicou. Ele espera conseguir patroc&iacute;nio nos pr&oacute;ximos meses para remunerar seus correspondentes.<\/p>\n<p>Por causa da demanda, o grupo de volunt&aacute;rios est&aacute; sendo selecionado, por meio de um concurso de reda&ccedil;&atilde;o on-line. At&eacute; agora, oito colaboradores &#8211;adolescentes e adultos&#8211; das comunidades da Vila Cruzeiro, Mar&eacute;, Rocinha e Cidade de Deus j&aacute; est&atilde;o confirmados. O lan&ccedil;amento do portal acontece nesta sexta-feira em um col&eacute;gio dentro do Complexo.<\/p>\n<p>&quot;Pessoas de outras cidades tamb&eacute;m j&aacute; se ofereceram para contribuir, mas, por enquanto, queremos nos concentrar s&oacute; no Rio&quot;, explicou Ren&ecirc;.<\/p>\n<p><strong>Hist&oacute;ria<\/strong><\/p>\n<p>Aos 11 anos, Ren&ecirc; Silva Santos come&ccedil;ou a distribuir, pelo Complexo do Alem&atilde;o, o jornal &quot;Voz da Comunidade&quot;. Em uma folha sulfite dobrada para formar quatro p&aacute;ginas, ele publicava not&iacute;cias e imprimia 100 exemplares para distribuir entre os vizinhos. Ele criou uma conta na rede social em 2009 para divulgar not&iacute;cias do bairro a leitores de fora e, gra&ccedil;as &agrave; cobertura que realizou durante a ocupa&ccedil;&atilde;o do morro pela pol&iacute;cia do Rio de Janeiro, seu trabalho tomou novo rumo.<\/p>\n<p>Hoje, o jornal funciona em uma reda&ccedil;&atilde;o na sede da ONG AfroReggae, montada pelo apresentador de televis&atilde;o Luciano Huck. S&atilde;o seis computadores, duas filmadoras, seis modems de Internet gr&aacute;tis por um ano e um est&uacute;dio. Buscando manter uma periodicidade mensal, o &quot;Voz da Comunidade&quot; &eacute; impresso em formato tabloide com tiragem de 5 mil exemplares e conta com cerca de 30 anunciantes, entre comerciantes locais, bancos, ONGs e operadoras de celular.<\/p>\n<p>Embora o jornal j&aacute; tenha se tornado um bom neg&oacute;cio, Ren&ecirc; ainda mant&eacute;m o car&aacute;ter volunt&aacute;rio e social da publica&ccedil;&atilde;o. Atualmente integram a equipe seu irm&atilde;o mais novo e uma amiga, de 15 e 13 anos, respectivamente. <\/span><\/p>\n<p>&nbsp;<\/p>\n","protected":false},"excerpt":{"rendered":"<p>Nesta sexta-feira (6), cinco meses depois de se tornar uma das principais fontes comunit&aacute;rias da ocupa&ccedil;&atilde;o da pol&iacute;cia do Rio de Janeiro no Complexo do Alem&atilde;o, o estudante Ren&ecirc; Silva Santos, 17, lan&ccedil;a um portal de not&iacute;cias sobre as favelas cariocas. O novo site, batizado de &quot;Voz das Comunidades&quot; (www.vozdascomunidades.com.br), &eacute; uma expans&atilde;o do perfil &hellip; <a href=\"https:\/\/obscom.intervozes.org.br\/?p=25573\" class=\"more-link\">Continue lendo <span class=\"screen-reader-text\">Tuiteiro do Alem\u00e3o lan\u00e7a portal de not\u00edcias das favelas do Rio<\/span> <span class=\"meta-nav\">&rarr;<\/span><\/a><\/p>\n","protected":false},"author":1,"featured_media":0,"comment_status":"open","ping_status":"open","sticky":false,"template":"","format":"standard","meta":{"footnotes":""},"categories":[40],"tags":[133],"_links":{"self":[{"href":"https:\/\/obscom.intervozes.org.br\/index.php?rest_route=\/wp\/v2\/posts\/25573"}],"collection":[{"href":"https:\/\/obscom.intervozes.org.br\/index.php?rest_route=\/wp\/v2\/posts"}],"about":[{"href":"https:\/\/obscom.intervozes.org.br\/index.php?rest_route=\/wp\/v2\/types\/post"}],"author":[{"embeddable":true,"href":"https:\/\/obscom.intervozes.org.br\/index.php?rest_route=\/wp\/v2\/users\/1"}],"replies":[{"embeddable":true,"href":"https:\/\/obscom.intervozes.org.br\/index.php?rest_route=%2Fwp%2Fv2%2Fcomments&post=25573"}],"version-history":[{"count":0,"href":"https:\/\/obscom.intervozes.org.br\/index.php?rest_route=\/wp\/v2\/posts\/25573\/revisions"}],"wp:attachment":[{"href":"https:\/\/obscom.intervozes.org.br\/index.php?rest_route=%2Fwp%2Fv2%2Fmedia&parent=25573"}],"wp:term":[{"taxonomy":"category","embeddable":true,"href":"https:\/\/obscom.intervozes.org.br\/index.php?rest_route=%2Fwp%2Fv2%2Fcategories&post=25573"},{"taxonomy":"post_tag","embeddable":true,"href":"https:\/\/obscom.intervozes.org.br\/index.php?rest_route=%2Fwp%2Fv2%2Ftags&post=25573"}],"curies":[{"name":"wp","href":"https:\/\/api.w.org\/{rel}","templated":true}]}}