{"id":25569,"date":"2011-05-06T15:51:43","date_gmt":"2011-05-06T15:51:43","guid":{"rendered":"https:\/\/obscom.intervozes.org.br\/wordpress\/?p=25569"},"modified":"2011-05-06T15:51:43","modified_gmt":"2011-05-06T15:51:43","slug":"minicom-abre-inscricoes-para-40-radios-comunitarias-em-sp-e-rs","status":"publish","type":"post","link":"https:\/\/obscom.intervozes.org.br\/?p=25569","title":{"rendered":"Minicom abre inscri\u00e7\u00f5es para 40 r\u00e1dios comunit\u00e1rias em SP e RS"},"content":{"rendered":"<p><span class=\"padrao\"><strong>Reda&ccedil;&atilde;o &#8211; Teles&iacute;ntese<\/strong><\/p>\n<p>O Minist&eacute;rio das Comunica&ccedil;&otilde;es publicou nesta sexta-feira (6) aviso de habilita&ccedil;&atilde;o para inscri&ccedil;&atilde;o de entidades interessadas em executar o servi&ccedil;o de radiodifus&atilde;o comunit&aacute;ria em 10 munic&iacute;pios paulistas e 30, do Rio Grande do Sul. O prazo de inscri&ccedil;&atilde;o e apresenta&ccedil;&atilde;o da documenta&ccedil;&atilde;o instrut&oacute;ria come&ccedil;a hoje e ser&aacute; encerrado em 45 dias, sem possibilidade de prorroga&ccedil;&atilde;o. A taxa continua em R$ 20.<\/p>\n<p>O aviso faz parte do Plano Nacional de Outorgas (PNO) de r&aacute;dios comunit&aacute;rias, lan&ccedil;ado pelo Minicom em mar&ccedil;o deste ano. O objetivo &eacute; universalizar o servi&ccedil;o, garantindo que todos os munic&iacute;pios brasileiros tenham pelo menos uma emissora comunit&aacute;ria. O plano tamb&eacute;m vai tornar mais &aacute;gil o processo de autoriza&ccedil;&atilde;o de r&aacute;dios comunit&aacute;rias e dar mais transpar&ecirc;ncia ao tr&acirc;mite.<\/p>\n<p>A inscri&ccedil;&atilde;o para obter autoriza&ccedil;&atilde;o para execu&ccedil;&atilde;o do servi&ccedil;o de r&aacute;dio comunit&aacute;ria poder&aacute; ser feita via postal, endere&ccedil;ada &agrave; Delegacia Regional do Minist&eacute;rio das Comunica&ccedil;&otilde;es em S&atilde;o Paulo, situada na Rua Mergenthaler, 592 Bl-I, Mezanino (ECT) Vila Leopoldina &#8211; S&Atilde;O PAULO-SP &#8211; CEP: 05311-900. A delegacia ficar&aacute; respons&aacute;vel pela outorga.<\/p>\n<p><a href=\"http:\/\/www.in.gov.br\/imprensa\/visualiza\/index.jsp?jornal=3&amp;pagina=105&amp;data=06\/05\/2011\">Leia a &iacute;ntegra do aviso<\/a>.<\/span><\/p>\n","protected":false},"excerpt":{"rendered":"<p>Reda&ccedil;&atilde;o &#8211; Teles&iacute;ntese O Minist&eacute;rio das Comunica&ccedil;&otilde;es publicou nesta sexta-feira (6) aviso de habilita&ccedil;&atilde;o para inscri&ccedil;&atilde;o de entidades interessadas em executar o servi&ccedil;o de radiodifus&atilde;o comunit&aacute;ria em 10 munic&iacute;pios paulistas e 30, do Rio Grande do Sul. O prazo de inscri&ccedil;&atilde;o e apresenta&ccedil;&atilde;o da documenta&ccedil;&atilde;o instrut&oacute;ria come&ccedil;a hoje e ser&aacute; encerrado em 45 dias, sem &hellip; <a href=\"https:\/\/obscom.intervozes.org.br\/?p=25569\" class=\"more-link\">Continue lendo <span class=\"screen-reader-text\">Minicom abre inscri\u00e7\u00f5es para 40 r\u00e1dios comunit\u00e1rias em SP e RS<\/span> <span class=\"meta-nav\">&rarr;<\/span><\/a><\/p>\n","protected":false},"author":1,"featured_media":0,"comment_status":"open","ping_status":"open","sticky":false,"template":"","format":"standard","meta":{"footnotes":""},"categories":[39],"tags":[],"_links":{"self":[{"href":"https:\/\/obscom.intervozes.org.br\/index.php?rest_route=\/wp\/v2\/posts\/25569"}],"collection":[{"href":"https:\/\/obscom.intervozes.org.br\/index.php?rest_route=\/wp\/v2\/posts"}],"about":[{"href":"https:\/\/obscom.intervozes.org.br\/index.php?rest_route=\/wp\/v2\/types\/post"}],"author":[{"embeddable":true,"href":"https:\/\/obscom.intervozes.org.br\/index.php?rest_route=\/wp\/v2\/users\/1"}],"replies":[{"embeddable":true,"href":"https:\/\/obscom.intervozes.org.br\/index.php?rest_route=%2Fwp%2Fv2%2Fcomments&post=25569"}],"version-history":[{"count":0,"href":"https:\/\/obscom.intervozes.org.br\/index.php?rest_route=\/wp\/v2\/posts\/25569\/revisions"}],"wp:attachment":[{"href":"https:\/\/obscom.intervozes.org.br\/index.php?rest_route=%2Fwp%2Fv2%2Fmedia&parent=25569"}],"wp:term":[{"taxonomy":"category","embeddable":true,"href":"https:\/\/obscom.intervozes.org.br\/index.php?rest_route=%2Fwp%2Fv2%2Fcategories&post=25569"},{"taxonomy":"post_tag","embeddable":true,"href":"https:\/\/obscom.intervozes.org.br\/index.php?rest_route=%2Fwp%2Fv2%2Ftags&post=25569"}],"curies":[{"name":"wp","href":"https:\/\/api.w.org\/{rel}","templated":true}]}}