{"id":25568,"date":"2011-05-06T15:48:02","date_gmt":"2011-05-06T15:48:02","guid":{"rendered":"https:\/\/obscom.intervozes.org.br\/wordpress\/?p=25568"},"modified":"2011-05-06T15:48:02","modified_gmt":"2011-05-06T15:48:02","slug":"impasse-com-radiodifusores-gera-apreensao-tvs-explicam-suas-posicoes","status":"publish","type":"post","link":"https:\/\/obscom.intervozes.org.br\/?p=25568","title":{"rendered":"Impasse com radiodifusores gera apreens\u00e3o; TVs explicam suas posi\u00e7\u00f5es"},"content":{"rendered":"<p><span class=\"padrao\">Causou apreens&atilde;o entre operadores de telecomunica&ccedil;&otilde;es e membros do governo a informa&ccedil;&atilde;o publicada por este notici&aacute;rio de que as quatro principais redes de TV pediram para que o senador Romero Juc&aacute; (PMDB\/RR), l&iacute;der do governo no Senado, desista de apresentar o pedido de urg&ecirc;ncia para a vota&ccedil;&atilde;o do PLC 116\/2010, projeto que cria novas regras para o mercado de TV por assinatura.<\/p>\n<p>Segundo radiodifusores que estiveram com o senador, ele mesmo teria sido pego de surpresa, pois acreditava que o governo teria determinado a urg&ecirc;ncia j&aacute; vislumbrando um consenso sobre a mat&eacute;ria. Coube aos quatro radiodifusores presentes (Globo, SBT, Record e Band) apresentarem na conversa pontos de discord&acirc;ncia. A expectativa &eacute; que com o impasse criado, o governo (entenda-se Pal&aacute;cio do Planalto, e n&atilde;o Minist&eacute;rio das Comunica&ccedil;&otilde;es) seja obrigado a sinalizar mais claramente se est&aacute; ou n&atilde;o apoiando o PLC 116\/2010 na reda&ccedil;&atilde;o atual. O ministro Paulo Bernardo j&aacute; declarou em mais de uma ocasi&atilde;o que apoia o projeto que foi negociado at&eacute; aqui, mesmo reconhecendo que se a discuss&atilde;o estivesse come&ccedil;ando agora, proporia algumas mudan&ccedil;as.<\/p>\n<p>Posi&ccedil;&otilde;es e esclarecimentos<\/p>\n<p>Fl&aacute;vio Lara Rezende, diretor geral da Bandeirantes em Bras&iacute;lia, explica que o grupo Band n&atilde;o &eacute; radicalmente contra a proposta. Ao contr&aacute;rio, sempre apoiou a discuss&atilde;o mas considera que o projeto atual se tornou uma &quot;colcha de retalhos&quot;, mas que o grupo ainda &eacute; a favor de uma reforma do marco regulat&oacute;rio, desde que os pontos de discord&acirc;ncias sejam debatidos com mais profundidade e que esse debate remeta a uma reforma mais ampla da legisla&ccedil;&atilde;o de comunica&ccedil;&atilde;o. O governo promete encaminhar essa discuss&atilde;o de um novo marco geral para as comunica&ccedil;&otilde;es no segundo semestre.<\/p>\n<p>J&aacute; a Rede Record nega a informa&ccedil;&atilde;o publicada por este notici&aacute;rio de que seria contr&aacute;ria ao projeto, especialmente nos pontos que podem ser favor&aacute;veis &agrave; Globo. Segundo interlocutores da Record, o grupo tem diverg&ecirc;ncias pontuais no texto, mas que n&atilde;o &eacute; contra as cotas de programa&ccedil;&atilde;o e que apresentar&aacute; a Romero Juc&aacute;, conforme solicitado, suas posi&ccedil;&otilde;es formalizadas antes de torn&aacute;-las p&uacute;blicas.<\/span><\/p>\n<p>&nbsp;<\/p>\n","protected":false},"excerpt":{"rendered":"<p>Causou apreens&atilde;o entre operadores de telecomunica&ccedil;&otilde;es e membros do governo a informa&ccedil;&atilde;o publicada por este notici&aacute;rio de que as quatro principais redes de TV pediram para que o senador Romero Juc&aacute; (PMDB\/RR), l&iacute;der do governo no Senado, desista de apresentar o pedido de urg&ecirc;ncia para a vota&ccedil;&atilde;o do PLC 116\/2010, projeto que cria novas regras &hellip; <a href=\"https:\/\/obscom.intervozes.org.br\/?p=25568\" class=\"more-link\">Continue lendo <span class=\"screen-reader-text\">Impasse com radiodifusores gera apreens\u00e3o; TVs explicam suas posi\u00e7\u00f5es<\/span> <span class=\"meta-nav\">&rarr;<\/span><\/a><\/p>\n","protected":false},"author":1,"featured_media":0,"comment_status":"open","ping_status":"open","sticky":false,"template":"","format":"standard","meta":{"footnotes":""},"categories":[40],"tags":[323],"_links":{"self":[{"href":"https:\/\/obscom.intervozes.org.br\/index.php?rest_route=\/wp\/v2\/posts\/25568"}],"collection":[{"href":"https:\/\/obscom.intervozes.org.br\/index.php?rest_route=\/wp\/v2\/posts"}],"about":[{"href":"https:\/\/obscom.intervozes.org.br\/index.php?rest_route=\/wp\/v2\/types\/post"}],"author":[{"embeddable":true,"href":"https:\/\/obscom.intervozes.org.br\/index.php?rest_route=\/wp\/v2\/users\/1"}],"replies":[{"embeddable":true,"href":"https:\/\/obscom.intervozes.org.br\/index.php?rest_route=%2Fwp%2Fv2%2Fcomments&post=25568"}],"version-history":[{"count":0,"href":"https:\/\/obscom.intervozes.org.br\/index.php?rest_route=\/wp\/v2\/posts\/25568\/revisions"}],"wp:attachment":[{"href":"https:\/\/obscom.intervozes.org.br\/index.php?rest_route=%2Fwp%2Fv2%2Fmedia&parent=25568"}],"wp:term":[{"taxonomy":"category","embeddable":true,"href":"https:\/\/obscom.intervozes.org.br\/index.php?rest_route=%2Fwp%2Fv2%2Fcategories&post=25568"},{"taxonomy":"post_tag","embeddable":true,"href":"https:\/\/obscom.intervozes.org.br\/index.php?rest_route=%2Fwp%2Fv2%2Ftags&post=25568"}],"curies":[{"name":"wp","href":"https:\/\/api.w.org\/{rel}","templated":true}]}}