{"id":25561,"date":"2011-05-05T15:54:08","date_gmt":"2011-05-05T15:54:08","guid":{"rendered":"https:\/\/obscom.intervozes.org.br\/wordpress\/?p=25561"},"modified":"2011-05-05T15:54:08","modified_gmt":"2011-05-05T15:54:08","slug":"mercadante-propoe-satelite-nacional-para-cobrir-deficiencia-de-cobertura-de-banda-larga","status":"publish","type":"post","link":"https:\/\/obscom.intervozes.org.br\/?p=25561","title":{"rendered":"Mercadante prop\u00f5e sat\u00e9lite nacional para cobrir defici\u00eancia de cobertura de banda larga"},"content":{"rendered":"<p><span class=\"padrao\">O ministro de Ci&ecirc;ncia e Tecnologia Alo&iacute;sio Mercadante fez nesta quarta, 4, em debate na Comiss&atilde;o de Ci&ecirc;ncia e Tecnologia do Senado, um vigoroso alerta ao governo que representa sobre o risco real de haver um atraso desenvolvimentista do Pa&iacute;s por falta da oferta de banda larga. &ldquo;N&atilde;o temos condi&ccedil;&otilde;es de darmos um salto se n&atilde;o avan&ccedil;armos no Plano Brasileiro de Banda Larga (PNBL)&rdquo;, avaliou, referindo-se &agrave;s dificuldades or&ccedil;ament&aacute;rias atuais para implementa&ccedil;&atilde;o das pol&iacute;ticas p&uacute;blicas relativas a tecnologia e inova&ccedil;&atilde;o, vinculadas diretamente &agrave; oferta de capacidade de redes de comunica&ccedil;&atilde;o.<\/p>\n<p>Mercadante conclamou os senadores presentes a fazerem uma reflex&atilde;o sobre o or&ccedil;amento p&uacute;blico: &ldquo;O que queremos para o Brasil como na&ccedil;&atilde;o?&rdquo;, perguntou. Ele sugeriu, para solucionar o grave problema de falta do servi&ccedil;o na Regi&atilde;o Amaz&ocirc;nica, o lan&ccedil;amento de um sat&eacute;lite p&uacute;blico dedicado, sem custo para a popula&ccedil;&atilde;o, em substitui&ccedil;&atilde;o &agrave; proposta do uso de fibra &oacute;ptica, prevista no PNBL.<\/p>\n<p>A proposta obteve a ades&atilde;o de v&aacute;rios senadores, especialmente da bancada amaz&ocirc;nica, que teme o agravamento das desigualdades regionais caso seja mantido o cronograma do PNBL para a regi&atilde;o. A fibra &oacute;ptica levaria at&eacute; tr&ecirc;s anos a mais para chegar em estados como Roraima. &ldquo;Temos de fazer a fibra &oacute;ptica, mas ela n&atilde;o vai chegar &agrave;s comunidades ribeirinhase ao interior da Amaz&ocirc;nia&rdquo;, acrescentou o ministro.<\/p>\n<p>Mercadante admitiu ser a estrutura de fibra &oacute;ptica a ideal do ponto de vista tecnol&oacute;gico, mas alertou que n&atilde;o chegar&aacute; &agrave; &uacute;ltima milha, onde se d&aacute; a interconex&atilde;o para acesso do usu&aacute;rio final. Sua sugest&atilde;o &eacute; viabilizar ua grupo entre seu minist&eacute;rio, o das Comunica&ccedil;&otilde;es e a comiss&atilde;o do Senado para elaborar uma proposta direta ao Itamaraty no sentido de viabilizar conversa&ccedil;&otilde;es com pa&iacute;ses como Venezuela, Col&ocirc;mbia, Peru, Guiana (Fran&ccedil;a), destinadas ao lan&ccedil;amento do sat&eacute;lite latinoamericano inteiramente dedicado &agrave; oferta da banda larga.<\/p>\n<p>&ldquo;&Eacute; caro (o sat&eacute;lite), mas daremos um salto grande de possibilidades&rdquo;, ponderou. Para o ministro, &eacute; fundamental dar prioridade estrat&eacute;gica &agrave; inclus&atilde;o digital para formar recursos humanos mais capacitados &agrave; lida com as tecnologias da informa&ccedil;&atilde;o, sobre a qual se constr&oacute;i a economia e os mercados do futuro.<\/p>\n<p>&ldquo;Precisamos acelerar a inclus&atilde;o digital, fazer banda larga, para oferta de material did&aacute;tico; o aluno tenha um tablet, ou laptop na escola, para que possa se conectar a essa rede&rdquo;, defendeu. O senador Walter Pinheiro (PT-BA) refor&ccedil;ou a ideia: &ldquo;N&atilde;o basta permitir que (o PNBL) seja s&oacute; instala&ccedil;&atilde;o de rede. Como vincular isso com sa&uacute;de, pesquisa, educa&ccedil;&atilde;o?&quot;, questionou. Pinheiro quer que o pr&oacute;prio Estado contrate o servi&ccedil;o para entrega ao usu&aacute;rio. O presidente da comiss&atilde;o, senador Eduardo Braga (PMDB-AM), defendeu a integra&ccedil;&atilde;o nacional por meio do PNBL e lembrou que se n&atilde;o houver isso, &ldquo;Norte e Nordeste n&atilde;o conseguir&atilde;o ser competitivas. &Eacute; preciso ter estrutura de banda larga&rdquo;, cobrou.<\/span><\/p>\n","protected":false},"excerpt":{"rendered":"<p>O ministro de Ci&ecirc;ncia e Tecnologia Alo&iacute;sio Mercadante fez nesta quarta, 4, em debate na Comiss&atilde;o de Ci&ecirc;ncia e Tecnologia do Senado, um vigoroso alerta ao governo que representa sobre o risco real de haver um atraso desenvolvimentista do Pa&iacute;s por falta da oferta de banda larga. &ldquo;N&atilde;o temos condi&ccedil;&otilde;es de darmos um salto se &hellip; <a href=\"https:\/\/obscom.intervozes.org.br\/?p=25561\" class=\"more-link\">Continue lendo <span class=\"screen-reader-text\">Mercadante prop\u00f5e sat\u00e9lite nacional para cobrir defici\u00eancia de cobertura de banda larga<\/span> <span class=\"meta-nav\">&rarr;<\/span><\/a><\/p>\n","protected":false},"author":1,"featured_media":0,"comment_status":"open","ping_status":"open","sticky":false,"template":"","format":"standard","meta":{"footnotes":""},"categories":[40],"tags":[1123],"_links":{"self":[{"href":"https:\/\/obscom.intervozes.org.br\/index.php?rest_route=\/wp\/v2\/posts\/25561"}],"collection":[{"href":"https:\/\/obscom.intervozes.org.br\/index.php?rest_route=\/wp\/v2\/posts"}],"about":[{"href":"https:\/\/obscom.intervozes.org.br\/index.php?rest_route=\/wp\/v2\/types\/post"}],"author":[{"embeddable":true,"href":"https:\/\/obscom.intervozes.org.br\/index.php?rest_route=\/wp\/v2\/users\/1"}],"replies":[{"embeddable":true,"href":"https:\/\/obscom.intervozes.org.br\/index.php?rest_route=%2Fwp%2Fv2%2Fcomments&post=25561"}],"version-history":[{"count":0,"href":"https:\/\/obscom.intervozes.org.br\/index.php?rest_route=\/wp\/v2\/posts\/25561\/revisions"}],"wp:attachment":[{"href":"https:\/\/obscom.intervozes.org.br\/index.php?rest_route=%2Fwp%2Fv2%2Fmedia&parent=25561"}],"wp:term":[{"taxonomy":"category","embeddable":true,"href":"https:\/\/obscom.intervozes.org.br\/index.php?rest_route=%2Fwp%2Fv2%2Fcategories&post=25561"},{"taxonomy":"post_tag","embeddable":true,"href":"https:\/\/obscom.intervozes.org.br\/index.php?rest_route=%2Fwp%2Fv2%2Ftags&post=25561"}],"curies":[{"name":"wp","href":"https:\/\/api.w.org\/{rel}","templated":true}]}}