{"id":25552,"date":"2011-05-04T17:00:22","date_gmt":"2011-05-04T17:00:22","guid":{"rendered":"https:\/\/obscom.intervozes.org.br\/wordpress\/?p=25552"},"modified":"2011-05-04T17:00:22","modified_gmt":"2011-05-04T17:00:22","slug":"aumenta-pressao-pela-saida-de-ana-de-hollanda-do-ministerio-da-cultura","status":"publish","type":"post","link":"https:\/\/obscom.intervozes.org.br\/?p=25552","title":{"rendered":"Aumenta press\u00e3o pela sa\u00edda de Ana de Hollanda do Minist\u00e9rio da Cultura"},"content":{"rendered":"<p>O Minist&eacute;rio da Cultura, ocupado por Ana de Hollanda, pode ser alvo da primeira troca no primeiro escal&atilde;o do governo Dilma Rousseff. As press&otilde;es pela mudan&ccedil;a cresceram nos &uacute;ltimos dias e alcan&ccedil;aram o Congresso Nacional. A movimenta&ccedil;&atilde;o tem apoio de setores ligados &agrave; cultura do PT, al&eacute;m de ativistas de pontos de cultura e cr&iacute;ticos das rela&ccedil;&otilde;es entre a ministra e o Escrit&oacute;rio Central de Arrecada&ccedil;&atilde;o e Distribui&ccedil;&atilde;o de Direitos Autorais (Ecad). A insatisfa&ccedil;&atilde;o arrasta-se desde que ela assumiu o cargo. A paralisa&ccedil;&atilde;o das a&ccedil;&otilde;es da pasta contribu&iacute;ram para que as cr&iacute;ticas fossem amplificadas.<\/p>\n<p>As especula&ccedil;&otilde;es nesse sentido aumentaram depois de reportagens publicadas pelos jornais O Estado de S.Paulo e O Globo a respeito de fraudes no Ecad. A reabertura de consulta p&uacute;blica sobre o anteprojeto de lei sobre direitos autorais e a retirada da licen&ccedil;a Creative Commons do site do minist&eacute;rio foram motivos de desgate da gest&atilde;o.<\/p>\n<p>Um manifesto assinado por 2 mil pessoas pede mudan&ccedil;a nos rumos do MinC. Um dos signat&aacute;rios &eacute; o deputado federal Jos&eacute; Nazareno Cardeal Fonteles (PT-PI). &quot;Uma pessoa n&atilde;o pode continuar no Minist&eacute;rio da Cultura para barrar uma pol&iacute;tica que j&aacute; foi aprovada nas urnas&quot;, ponderou o parlamentar, &agrave; Ag&ecirc;ncia Estado. &quot;&Eacute; isso que est&aacute; em jogo. Se n&atilde;o existisse uma pol&iacute;tica constru&iacute;da, poder&iacute;amos ter um grau de toler&acirc;ncia maior (em rela&ccedil;&atilde;o &agrave; ministra), mas se ela achar que n&atilde;o pode conduzir essa pol&iacute;tica, deve ser substitu&iacute;da&quot;, insistiu.<\/p>\n<p>Na segunda-feira (2), o deputado federal Alexandre Molon (PT-RJ) protocolou pedido de audi&ecirc;ncia na Comiss&atilde;o de Educa&ccedil;&atilde;o e Cultura da C&acirc;mara, da qual faz parte, para analisar as rela&ccedil;&otilde;es entre o MinC e o Ecad. A indica&ccedil;&atilde;o de Marcia Regina Vicente Barbosa, ligada ao &oacute;rg&atilde;o, para a Diretoria de Direitos Intelectuais do Minist&eacute;rio da Cultura em Bras&iacute;lia comou-se a isso. A ministra manifestou-se por v&aacute;rias vezes contra qualquer forma de fiscaliza&ccedil;&atilde;o. O senador Randolfe Rodrigues (PSOL-AP) chegou a defender uma CPI &quot;sobre as rela&ccedil;&otilde;es do Minist&eacute;rio da Cultura com o Ecad&quot;. Ele promete iniciar a coleta de assinaturas nos pr&oacute;ximos dias.<\/p>\n<p>Marta Porto, secret&aacute;ria de Cidadania e Diversidade Cultural, seria um dos nomes cogitados para substituir Ana de Hollanda, segundo o editor da revista F&oacute;rum, Renato Rovai. O jornalista sustenta que o presidente da Funarte, Antonio Grassi, estaria convencido da troca. O tamb&eacute;m ator S&eacute;rgio Mamberti, que ocupava o posto na Funarte na gest&atilde;o passada, tamb&eacute;m &eacute; citado.<\/p>\n<p>Em nota, o minist&eacute;rio rebate as acusa&ccedil;&otilde;es de coniv&ecirc;ncia com o Ecad alegando que &quot;&eacute; papel do MinC ter interlocu&ccedil;&atilde;o com todos os segmentos envolvidos no tema&quot;. &quot;Isso n&atilde;o significa, de maneira alguma, dar abertura para quaisquer tratativas que n&atilde;o as estritamente permitidas e recomendadas pela &eacute;tica&quot;, prossegue o texto.<\/p>\n","protected":false},"excerpt":{"rendered":"<p>O Minist&eacute;rio da Cultura, ocupado por Ana de Hollanda, pode ser alvo da primeira troca no primeiro escal&atilde;o do governo Dilma Rousseff. As press&otilde;es pela mudan&ccedil;a cresceram nos &uacute;ltimos dias e alcan&ccedil;aram o Congresso Nacional. A movimenta&ccedil;&atilde;o tem apoio de setores ligados &agrave; cultura do PT, al&eacute;m de ativistas de pontos de cultura e cr&iacute;ticos &hellip; <a href=\"https:\/\/obscom.intervozes.org.br\/?p=25552\" class=\"more-link\">Continue lendo <span class=\"screen-reader-text\">Aumenta press\u00e3o pela sa\u00edda de Ana de Hollanda do Minist\u00e9rio da Cultura<\/span> <span class=\"meta-nav\">&rarr;<\/span><\/a><\/p>\n","protected":false},"author":1,"featured_media":0,"comment_status":"open","ping_status":"open","sticky":false,"template":"","format":"standard","meta":{"footnotes":""},"categories":[40],"tags":[506],"_links":{"self":[{"href":"https:\/\/obscom.intervozes.org.br\/index.php?rest_route=\/wp\/v2\/posts\/25552"}],"collection":[{"href":"https:\/\/obscom.intervozes.org.br\/index.php?rest_route=\/wp\/v2\/posts"}],"about":[{"href":"https:\/\/obscom.intervozes.org.br\/index.php?rest_route=\/wp\/v2\/types\/post"}],"author":[{"embeddable":true,"href":"https:\/\/obscom.intervozes.org.br\/index.php?rest_route=\/wp\/v2\/users\/1"}],"replies":[{"embeddable":true,"href":"https:\/\/obscom.intervozes.org.br\/index.php?rest_route=%2Fwp%2Fv2%2Fcomments&post=25552"}],"version-history":[{"count":0,"href":"https:\/\/obscom.intervozes.org.br\/index.php?rest_route=\/wp\/v2\/posts\/25552\/revisions"}],"wp:attachment":[{"href":"https:\/\/obscom.intervozes.org.br\/index.php?rest_route=%2Fwp%2Fv2%2Fmedia&parent=25552"}],"wp:term":[{"taxonomy":"category","embeddable":true,"href":"https:\/\/obscom.intervozes.org.br\/index.php?rest_route=%2Fwp%2Fv2%2Fcategories&post=25552"},{"taxonomy":"post_tag","embeddable":true,"href":"https:\/\/obscom.intervozes.org.br\/index.php?rest_route=%2Fwp%2Fv2%2Ftags&post=25552"}],"curies":[{"name":"wp","href":"https:\/\/api.w.org\/{rel}","templated":true}]}}