{"id":25548,"date":"2011-05-03T15:50:36","date_gmt":"2011-05-03T15:50:36","guid":{"rendered":"https:\/\/obscom.intervozes.org.br\/wordpress\/?p=25548"},"modified":"2011-05-03T15:50:36","modified_gmt":"2011-05-03T15:50:36","slug":"debate-pela-democratizacao-da-midia-marca-14-anos-da-caros-amigos","status":"publish","type":"post","link":"https:\/\/obscom.intervozes.org.br\/?p=25548","title":{"rendered":"Debate pela democratiza\u00e7\u00e3o da m\u00eddia marca 14 anos da Caros Amigos"},"content":{"rendered":"<p class=\"padrao\">Com um debate no Tucarena, em S&atilde;o Paulo, sobre &ldquo;Os Desafios para a Democratiza&ccedil;&atilde;o da M&iacute;dia&rdquo;, a revista Caros Amigos celebrou, nesta quinta-feira (28), seus 14 Anos de circula&ccedil;&atilde;o. A atividade contou com a presen&ccedil;a do presidente da Telebr&aacute;s, Rog&eacute;rio Santana, e com jornalistas e ativistas da m&iacute;dia alternativa.<\/p>\n<p>&quot;N&atilde;o h&aacute; como ter mundo mais democr&aacute;tico sem imprensa mais democr&aacute;tica&rdquo;, sintetizou Santana. Segundo ele, a comunica&ccedil;&atilde;o se tornou mais acess&iacute;vel nas &uacute;ltimas d&eacute;cadas, com o advento do computador pessoal, do telefone celular e da internet &mdash;elementos que &ldquo;afetam a hegemonia da m&iacute;dia tradicional&rdquo;.<\/p>\n<p>&Eacute; preciso, no entanto, investir num plano ousado para expandir e massificar a banda larga no Brasil, dando acesso a todos os brasileiros. A dificuldade &eacute; dobrar a for&ccedil;a das chamadas teles. &ldquo;Hoje, 95% da banda larga est&aacute; na m&atilde;o de cinco empresas, que investem apenas nas regi&otilde;es centrais, mais lucrativas.&rdquo;<\/p>\n<p>Declarando-se &ldquo;otimista&rdquo;, Altamiro Borges, presidente do Centro de Estudos da M&iacute;dia Alternativa Bar&atilde;o de Itarar&eacute;, afirmou que, na luta para democratizar os grandes meios de comunica&ccedil;&atilde;o, &ldquo;h&aacute; uma avan&ccedil;o que, embora lento, &eacute; gradual&rdquo;. Exemplos de conquistas s&atilde;o a Confer&ecirc;ncia Nacional de Comunica&ccedil;&atilde;o (2009), o Plano Nacional de Banda Larga (2010) e a rec&eacute;m-criada Frente Parlamentar pela Liberdade de Express&atilde;o e o Direito &agrave; Comunica&ccedil;&atilde;o.<\/p>\n<p>&ldquo;Somente nesta semana, houve atos em cinco estados pela expans&atilde;o p&uacute;blica da banda larga e o direito &agrave; inclus&atilde;o digital&rdquo;, agregou Altamiro. Por&eacute;m, a presidente Dilma Rousseff se revela, at&eacute; aqui, &ldquo;pouco ousada no processo de mudan&ccedil;as&rdquo; estruturais. &ldquo;O governo Lula apostou em mudan&ccedil;as sem rupturas. Os movimentos sociais t&ecirc;m de aumentar a press&atilde;o se quiserem uma efetiva democratiza&ccedil;&atilde;o da m&iacute;dia.&rdquo;<\/p>\n<p>Para Bia Barbosa, do Coletivo Intervozes, o oligop&oacute;lio da grande m&iacute;dia &eacute; outro entrave a ser superado. &ldquo;A liberdade de express&atilde;o que existe para n&oacute;s &eacute; uma liberdade limitada, fora da esfera p&uacute;blica midi&aacute;tica. Oito ou nove fam&iacute;lias t&ecirc;m um poder consolidado. &Eacute; preciso desprivatizar esse poder.&rdquo;<\/p>\n<p>Hamilton de Souza, da PUC-SP e da Caros Amigos, sustentou que &ldquo;a imprensa no Brasil &eacute; um instrumento de domina&ccedil;&atilde;o de classe&rdquo; &mdash; mas &ldquo;as frentes de lutas t&ecirc;m aumentado&rdquo;. H&aacute; iniciativas que ganham impulso, como &ldquo;a cr&iacute;tica da m&iacute;dia burguesa&rdquo;, &ldquo;a luta pela regula&ccedil;&atilde;o e estabelecimentos de direitos&rdquo;, al&eacute;m do &ldquo;fortalecimento da comunica&ccedil;&atilde;o contra- hegem&ocirc;nica&rdquo;.<\/p>\n<p>Em contrapartida, Raimundo Pereira, da Retrato do Brasil, lamentou a falta de fortes imprensas partid&aacute;ria e popular no pa&iacute;s. &ldquo;A m&iacute;dia alternativa n&atilde;o debate seu programa hoje&rdquo;, apontou. A seu ver, o governo Lula pouco fez para mudar esse cen&aacute;rio de concentra&ccedil;&atilde;o midi&aacute;tica. &ldquo;Ao menos abriu uma janela de publicidade oficial.&rdquo;<\/p>\n<p>O debate &ldquo;Os Desafios para a Democratiza&ccedil;&atilde;o da M&iacute;dia&rdquo; teve o apoio da PUC-SP e o patroc&iacute;nio da CNTE (Confedera&ccedil;&atilde;o Nacional dos Trabalhadores em Educa&ccedil;&atilde;o) e da Apeoes(Sindicato dos Professores do Ensino Oficial do Estado de S&atilde;o Paulo).<\/p>\n","protected":false},"excerpt":{"rendered":"<p>Com um debate no Tucarena, em S&atilde;o Paulo, sobre &ldquo;Os Desafios para a Democratiza&ccedil;&atilde;o da M&iacute;dia&rdquo;, a revista Caros Amigos celebrou, nesta quinta-feira (28), seus 14 Anos de circula&ccedil;&atilde;o. A atividade contou com a presen&ccedil;a do presidente da Telebr&aacute;s, Rog&eacute;rio Santana, e com jornalistas e ativistas da m&iacute;dia alternativa. &quot;N&atilde;o h&aacute; como ter mundo mais &hellip; <a href=\"https:\/\/obscom.intervozes.org.br\/?p=25548\" class=\"more-link\">Continue lendo <span class=\"screen-reader-text\">Debate pela democratiza\u00e7\u00e3o da m\u00eddia marca 14 anos da Caros Amigos<\/span> <span class=\"meta-nav\">&rarr;<\/span><\/a><\/p>\n","protected":false},"author":1,"featured_media":0,"comment_status":"open","ping_status":"open","sticky":false,"template":"","format":"standard","meta":{"footnotes":""},"categories":[40],"tags":[1513],"_links":{"self":[{"href":"https:\/\/obscom.intervozes.org.br\/index.php?rest_route=\/wp\/v2\/posts\/25548"}],"collection":[{"href":"https:\/\/obscom.intervozes.org.br\/index.php?rest_route=\/wp\/v2\/posts"}],"about":[{"href":"https:\/\/obscom.intervozes.org.br\/index.php?rest_route=\/wp\/v2\/types\/post"}],"author":[{"embeddable":true,"href":"https:\/\/obscom.intervozes.org.br\/index.php?rest_route=\/wp\/v2\/users\/1"}],"replies":[{"embeddable":true,"href":"https:\/\/obscom.intervozes.org.br\/index.php?rest_route=%2Fwp%2Fv2%2Fcomments&post=25548"}],"version-history":[{"count":0,"href":"https:\/\/obscom.intervozes.org.br\/index.php?rest_route=\/wp\/v2\/posts\/25548\/revisions"}],"wp:attachment":[{"href":"https:\/\/obscom.intervozes.org.br\/index.php?rest_route=%2Fwp%2Fv2%2Fmedia&parent=25548"}],"wp:term":[{"taxonomy":"category","embeddable":true,"href":"https:\/\/obscom.intervozes.org.br\/index.php?rest_route=%2Fwp%2Fv2%2Fcategories&post=25548"},{"taxonomy":"post_tag","embeddable":true,"href":"https:\/\/obscom.intervozes.org.br\/index.php?rest_route=%2Fwp%2Fv2%2Ftags&post=25548"}],"curies":[{"name":"wp","href":"https:\/\/api.w.org\/{rel}","templated":true}]}}