{"id":25547,"date":"2011-05-03T15:44:15","date_gmt":"2011-05-03T15:44:15","guid":{"rendered":"https:\/\/obscom.intervozes.org.br\/wordpress\/?p=25547"},"modified":"2011-05-03T15:44:15","modified_gmt":"2011-05-03T15:44:15","slug":"tv-paga-ja-esta-presente-em-104-milhoes-de-lares","status":"publish","type":"post","link":"https:\/\/obscom.intervozes.org.br\/?p=25547","title":{"rendered":"TV paga j\u00e1 est\u00e1 presente em 10,4 milh\u00f5es de lares"},"content":{"rendered":"<p><span class=\"padrao\">O Brasil j&aacute; conta com 10,4 milh&otilde;es de lares recebendo sinal de TV por assinatura. S&oacute; no primeiro trimestre deste ano, foram 650 mil novos assinantes, de acordo com dados da Anatel (Ag&ecirc;ncia Nacional de Telecomunica&ccedil;&otilde;es). A alta &eacute; de 6,65% na compara&ccedil;&atilde;o com o primeiro trimestre de 2010.<\/p>\n<p>Assim como aconteceu em 2010, ano em que a base de assinantes cresceu 30,7%, o crescimento foi puxado por consumidores das regi&otilde;es Norte, Nordeste e Centro-Oeste.<\/p>\n<p>Nove dos dez Estados de maior crescimento no m&ecirc;s de mar&ccedil;o est&atilde;o nessas tr&ecirc;s regi&otilde;es. A maior alta aconteceu na Bahia: 79%, atingindo 316,7 mil assinantes.<\/p>\n<p>Em seguida vem o Piau&iacute;, Estado com a menor densidade de assinantes por domic&iacute;lio no pa&iacute;s (3,5 assinantes por 100 domic&iacute;lios).<\/p>\n<p>Depois de crescer 76,3%, o Piau&iacute; encerrou o m&ecirc;s de mar&ccedil;o com 31 mil assinantes.<\/p>\n<p>Na outra ponta, a unidade federativa com maior renda per capita, o Distrito Federal, &eacute; tamb&eacute;m a que tem a maior densidade de servi&ccedil;os de TV por assinatura. De cada 100 domic&iacute;lios, 33,3 possuem o servi&ccedil;o. A densidade nacional &eacute; de 17,4 assinantes para cada 100 domic&iacute;lios. Com base nos indicadores sociais do IBGE (Instituto Brasileiro de Geografia e Estat&iacute;stica), que contabiliza 3,3 pessoas por domic&iacute;lio, a Anatel estima que a TV por assinatura alcance uma audi&ecirc;ncia de mais de 34,4 milh&otilde;es de pessoas.<\/p>\n<p>Esse crescimento vem sendo acompanhado pelo aumento da verba publicit&aacute;ria destinada ao setor.<\/p>\n<p>Em 2010, de acordo com o Projeto Inter-Meios, o faturamento bruto das TVs por assinatura foi de R$ 1,011 bilh&atilde;o, um aumento de 23% sobre o ano anterior (R$ 823 milh&otilde;es). Isso representa 3,86% de toda a verba destinada &agrave; publicidade no pa&iacute;s no ano passado.<\/p>\n<p><strong>Cabo x Sat&eacute;lite<\/strong><\/p>\n<p>Os n&uacute;meros da Anatel mostram uma disputa acirrada entre prestadores de servi&ccedil;o que transmitem sinal via cabo ou por sat&eacute;lite.<\/p>\n<p>Em mar&ccedil;o, os servi&ccedil;os via sat&eacute;lite cresceram 4,4%, atingindo uma participa&ccedil;&atilde;o de 48,2% do mercado. J&aacute; a TV a cabo caiu 0,8%, ficando com 49% do mercado.<\/p>\n<p>Em dezembro de 2010, os prestadores de servi&ccedil;o via cabo lideravam com uma folga maior: tinham 51% de participa&ccedil;&atilde;o, ante 45,8% dos servi&ccedil;os via sat&eacute;lite.<\/span><\/p>\n<p>&nbsp;<\/p>\n","protected":false},"excerpt":{"rendered":"<p>O Brasil j&aacute; conta com 10,4 milh&otilde;es de lares recebendo sinal de TV por assinatura. S&oacute; no primeiro trimestre deste ano, foram 650 mil novos assinantes, de acordo com dados da Anatel (Ag&ecirc;ncia Nacional de Telecomunica&ccedil;&otilde;es). A alta &eacute; de 6,65% na compara&ccedil;&atilde;o com o primeiro trimestre de 2010. Assim como aconteceu em 2010, ano &hellip; <a href=\"https:\/\/obscom.intervozes.org.br\/?p=25547\" class=\"more-link\">Continue lendo <span class=\"screen-reader-text\">TV paga j\u00e1 est\u00e1 presente em 10,4 milh\u00f5es de lares<\/span> <span class=\"meta-nav\">&rarr;<\/span><\/a><\/p>\n","protected":false},"author":1,"featured_media":0,"comment_status":"open","ping_status":"open","sticky":false,"template":"","format":"standard","meta":{"footnotes":""},"categories":[40],"tags":[816],"_links":{"self":[{"href":"https:\/\/obscom.intervozes.org.br\/index.php?rest_route=\/wp\/v2\/posts\/25547"}],"collection":[{"href":"https:\/\/obscom.intervozes.org.br\/index.php?rest_route=\/wp\/v2\/posts"}],"about":[{"href":"https:\/\/obscom.intervozes.org.br\/index.php?rest_route=\/wp\/v2\/types\/post"}],"author":[{"embeddable":true,"href":"https:\/\/obscom.intervozes.org.br\/index.php?rest_route=\/wp\/v2\/users\/1"}],"replies":[{"embeddable":true,"href":"https:\/\/obscom.intervozes.org.br\/index.php?rest_route=%2Fwp%2Fv2%2Fcomments&post=25547"}],"version-history":[{"count":0,"href":"https:\/\/obscom.intervozes.org.br\/index.php?rest_route=\/wp\/v2\/posts\/25547\/revisions"}],"wp:attachment":[{"href":"https:\/\/obscom.intervozes.org.br\/index.php?rest_route=%2Fwp%2Fv2%2Fmedia&parent=25547"}],"wp:term":[{"taxonomy":"category","embeddable":true,"href":"https:\/\/obscom.intervozes.org.br\/index.php?rest_route=%2Fwp%2Fv2%2Fcategories&post=25547"},{"taxonomy":"post_tag","embeddable":true,"href":"https:\/\/obscom.intervozes.org.br\/index.php?rest_route=%2Fwp%2Fv2%2Ftags&post=25547"}],"curies":[{"name":"wp","href":"https:\/\/api.w.org\/{rel}","templated":true}]}}