{"id":25540,"date":"2011-04-27T13:14:06","date_gmt":"2011-04-27T13:14:06","guid":{"rendered":"https:\/\/obscom.intervozes.org.br\/wordpress\/?p=25540"},"modified":"2011-04-27T13:14:06","modified_gmt":"2011-04-27T13:14:06","slug":"teles-querem-os-700-mhz-para-massificacao-das-telecomunicacoes","status":"publish","type":"post","link":"https:\/\/obscom.intervozes.org.br\/?p=25540","title":{"rendered":"Teles querem os 700 MHz para massifica\u00e7\u00e3o das telecomunica\u00e7\u00f5es"},"content":{"rendered":"<p><span class=\"padrao\"><strong>Daniel Machado &#8211; Teletime News<\/strong><\/p>\n<p>Em un&iacute;ssono, os representantes da TIM e da Vivo fizeram quest&atilde;o de ressaltar no semin&aacute;rio Teletime Tecnologia de Redes, realizado pela TELETIME nesta ter&ccedil;a, 26, que o uso da faixa de 700 MHz (atualmente destinada &agrave;s emissoras de TV) pelas teles m&oacute;veis &eacute; a &uacute;nica forma de haver massifica&ccedil;&atilde;o dos servi&ccedil;os de banda larga m&oacute;vel. &ldquo;&Eacute; claro que h&aacute; um conflito de interesses, as empresas de TV n&atilde;o v&atilde;o querer abrir m&atilde;o do espectro, mas a Anatel precisa levar em considera&ccedil;&atilde;o o interesse p&uacute;blico e n&oacute;s (teles m&oacute;veis) temos potencial para massificar, levar os servi&ccedil;os de telecomunica&ccedil;&otilde;es com essa faixa para as &aacute;reas rurais e suburbanas&rdquo;, diz Leonardo Capdeville, diretor de planejamento e tecnologia da Vivo. &ldquo;E &eacute; importante que fa&ccedil;amos isso antes dos eventos esportivos (Copa do Mundo de 2014 e Olimp&iacute;adas de 2016)&rdquo;, acrescenta.<\/span><\/p>\n<p>&nbsp;<\/p>\n<p><span class=\"padrao\">O gerente de inova&ccedil;&atilde;o tecnol&oacute;gica da TIM, Janilson Junior, concorda e tamb&eacute;m cita o interesse pela faixa de 900 MHz, segundo ele, um &ldquo;espectro nobre, largamente utilizado no mundo e sub-aproveitado no Brasil&rdquo;.<\/span><\/p>\n","protected":false},"excerpt":{"rendered":"<p>Daniel Machado &#8211; Teletime News Em un&iacute;ssono, os representantes da TIM e da Vivo fizeram quest&atilde;o de ressaltar no semin&aacute;rio Teletime Tecnologia de Redes, realizado pela TELETIME nesta ter&ccedil;a, 26, que o uso da faixa de 700 MHz (atualmente destinada &agrave;s emissoras de TV) pelas teles m&oacute;veis &eacute; a &uacute;nica forma de haver massifica&ccedil;&atilde;o dos &hellip; <a href=\"https:\/\/obscom.intervozes.org.br\/?p=25540\" class=\"more-link\">Continue lendo <span class=\"screen-reader-text\">Teles querem os 700 MHz para massifica\u00e7\u00e3o das telecomunica\u00e7\u00f5es<\/span> <span class=\"meta-nav\">&rarr;<\/span><\/a><\/p>\n","protected":false},"author":1,"featured_media":0,"comment_status":"open","ping_status":"open","sticky":false,"template":"","format":"standard","meta":{"footnotes":""},"categories":[39],"tags":[],"_links":{"self":[{"href":"https:\/\/obscom.intervozes.org.br\/index.php?rest_route=\/wp\/v2\/posts\/25540"}],"collection":[{"href":"https:\/\/obscom.intervozes.org.br\/index.php?rest_route=\/wp\/v2\/posts"}],"about":[{"href":"https:\/\/obscom.intervozes.org.br\/index.php?rest_route=\/wp\/v2\/types\/post"}],"author":[{"embeddable":true,"href":"https:\/\/obscom.intervozes.org.br\/index.php?rest_route=\/wp\/v2\/users\/1"}],"replies":[{"embeddable":true,"href":"https:\/\/obscom.intervozes.org.br\/index.php?rest_route=%2Fwp%2Fv2%2Fcomments&post=25540"}],"version-history":[{"count":0,"href":"https:\/\/obscom.intervozes.org.br\/index.php?rest_route=\/wp\/v2\/posts\/25540\/revisions"}],"wp:attachment":[{"href":"https:\/\/obscom.intervozes.org.br\/index.php?rest_route=%2Fwp%2Fv2%2Fmedia&parent=25540"}],"wp:term":[{"taxonomy":"category","embeddable":true,"href":"https:\/\/obscom.intervozes.org.br\/index.php?rest_route=%2Fwp%2Fv2%2Fcategories&post=25540"},{"taxonomy":"post_tag","embeddable":true,"href":"https:\/\/obscom.intervozes.org.br\/index.php?rest_route=%2Fwp%2Fv2%2Ftags&post=25540"}],"curies":[{"name":"wp","href":"https:\/\/api.w.org\/{rel}","templated":true}]}}