{"id":25535,"date":"2011-04-26T14:22:22","date_gmt":"2011-04-26T14:22:22","guid":{"rendered":"https:\/\/obscom.intervozes.org.br\/wordpress\/?p=25535"},"modified":"2011-04-26T14:22:22","modified_gmt":"2011-04-26T14:22:22","slug":"ministro-discute-na-camara-novo-marco-regulatorio-da-comunicacao","status":"publish","type":"post","link":"https:\/\/obscom.intervozes.org.br\/?p=25535","title":{"rendered":"Ministro discute na C\u00e2mara novo marco regulat\u00f3rio da comunica\u00e7\u00e3o"},"content":{"rendered":"<p><span class=\"padrao\"><strong>Reda&ccedil;&atilde;o &#8211; Ag&ecirc;ncia C&acirc;mara<\/strong><\/p>\n<p>O ministro das Comunica&ccedil;&otilde;es, Paulo Bernardo, vir&aacute; &agrave; C&acirc;mara nesta quinta-feira (28) para discutir o projeto do governo do novo marco regulat&oacute;rio do setor (Plano Nacional de Comunica&ccedil;&atilde;o) e o Plano Nacional de Banda Larga.<\/p>\n<p>O encontro foi agendado pela Frente Parlamentar pela Liberdade de Express&atilde;o e o Direito &agrave; Comunica&ccedil;&atilde;o com Participa&ccedil;&atilde;o Popular.<\/p>\n<p>Segundo a coordenadora-geral da frente, deputada Luiza Erundina (PSB-SP), a mobiliza&ccedil;&atilde;o em torno do tema &eacute; necess&aacute;ria para que sejam regulamentados os cap&iacute;tulos da Constitui&ccedil;&atilde;o Federal sobre as comunica&ccedil;&otilde;es.<\/p>\n<p>Para ela, &eacute; preciso que o governo invista nos pequenos e microempres&aacute;rios de comunica&ccedil;&atilde;o, por meio de compra de espa&ccedil;os publicit&aacute;rios, como forma de garantir o funcionamento dessas empresas. &quot;Num debate sobre a democratiza&ccedil;&atilde;o das comunica&ccedil;&otilde;es, &eacute; preciso que se questione a socializa&ccedil;&atilde;o, dentro de certos crit&eacute;rios, desses recursos p&uacute;blicos que sustentam uma m&iacute;dia poderosa, por onde passam as ideias, os valores e, portanto, a cidadania. E essa cidadania passa pela democratiza&ccedil;&atilde;o e acesso universal aos meios, inclusive &agrave; banda larga&rdquo;, argumentou Erundina.<\/p>\n<p>A reuni&atilde;o ser&aacute; realizada &agrave;s 9 horas no plen&aacute;rio 10.<\/span><\/p>\n<p>&nbsp;<\/p>\n","protected":false},"excerpt":{"rendered":"<p>Reda&ccedil;&atilde;o &#8211; Ag&ecirc;ncia C&acirc;mara O ministro das Comunica&ccedil;&otilde;es, Paulo Bernardo, vir&aacute; &agrave; C&acirc;mara nesta quinta-feira (28) para discutir o projeto do governo do novo marco regulat&oacute;rio do setor (Plano Nacional de Comunica&ccedil;&atilde;o) e o Plano Nacional de Banda Larga. O encontro foi agendado pela Frente Parlamentar pela Liberdade de Express&atilde;o e o Direito &agrave; Comunica&ccedil;&atilde;o &hellip; <a href=\"https:\/\/obscom.intervozes.org.br\/?p=25535\" class=\"more-link\">Continue lendo <span class=\"screen-reader-text\">Ministro discute na C\u00e2mara novo marco regulat\u00f3rio da comunica\u00e7\u00e3o<\/span> <span class=\"meta-nav\">&rarr;<\/span><\/a><\/p>\n","protected":false},"author":1,"featured_media":0,"comment_status":"open","ping_status":"open","sticky":false,"template":"","format":"standard","meta":{"footnotes":""},"categories":[39],"tags":[],"_links":{"self":[{"href":"https:\/\/obscom.intervozes.org.br\/index.php?rest_route=\/wp\/v2\/posts\/25535"}],"collection":[{"href":"https:\/\/obscom.intervozes.org.br\/index.php?rest_route=\/wp\/v2\/posts"}],"about":[{"href":"https:\/\/obscom.intervozes.org.br\/index.php?rest_route=\/wp\/v2\/types\/post"}],"author":[{"embeddable":true,"href":"https:\/\/obscom.intervozes.org.br\/index.php?rest_route=\/wp\/v2\/users\/1"}],"replies":[{"embeddable":true,"href":"https:\/\/obscom.intervozes.org.br\/index.php?rest_route=%2Fwp%2Fv2%2Fcomments&post=25535"}],"version-history":[{"count":0,"href":"https:\/\/obscom.intervozes.org.br\/index.php?rest_route=\/wp\/v2\/posts\/25535\/revisions"}],"wp:attachment":[{"href":"https:\/\/obscom.intervozes.org.br\/index.php?rest_route=%2Fwp%2Fv2%2Fmedia&parent=25535"}],"wp:term":[{"taxonomy":"category","embeddable":true,"href":"https:\/\/obscom.intervozes.org.br\/index.php?rest_route=%2Fwp%2Fv2%2Fcategories&post=25535"},{"taxonomy":"post_tag","embeddable":true,"href":"https:\/\/obscom.intervozes.org.br\/index.php?rest_route=%2Fwp%2Fv2%2Ftags&post=25535"}],"curies":[{"name":"wp","href":"https:\/\/api.w.org\/{rel}","templated":true}]}}