{"id":25527,"date":"2011-04-20T15:55:52","date_gmt":"2011-04-20T15:55:52","guid":{"rendered":"https:\/\/obscom.intervozes.org.br\/wordpress\/?p=25527"},"modified":"2011-04-20T15:55:52","modified_gmt":"2011-04-20T15:55:52","slug":"guilherme-strozi-e-o-novo-membro-do-conselho-curador-da-empresa-brasil-de-comunicacao-ebc","status":"publish","type":"post","link":"https:\/\/obscom.intervozes.org.br\/?p=25527","title":{"rendered":"Guilherme Strozi \u00e9 o novo membro do Conselho Curador da Empresa Brasil de Comunica\u00e7\u00e3o (EBC)"},"content":{"rendered":"\n<p style=\"margin-bottom: 0cm\" class=\"padrao\">O Conselho Curador da Empresa Brasil de Comunica&ccedil;&atilde;o (EBC) possui um novo membro. Em elei&ccedil;&atilde;o finalizada nesta ter&ccedil;a-feira (19), o jornalista Guilherme Strozi foi o escolhido pelos trabalhadores da Empresa para represent&aacute;-los no &oacute;rg&atilde;o at&eacute; 2013. Ele entra no lugar de Lourival Macedo, que ocupava a vaga no Conselho h&aacute; dois anos. <\/p>\n<p>Foram computados 379 votos no segundo turno da elei&ccedil;&atilde;o. Strozi, que &eacute; jornalista concursado na Empresa e atualmente coordena o quadro Outro Olhar, na TV Brasil, obteve 55,4% dos eleitores contra 43% de Alberto Coura.  <\/p>\n<p>Al&eacute;m do funcion&aacute;rio da Empresa, outras 21 pessoas formam o Conselho Curador: 15 representantes da sociedade civil, quatro do Governo Federal (ministros da Educa&ccedil;&atilde;o, Cultura, Ci&ecirc;ncia e Tecnologia e Secretaria de Comunica&ccedil;&atilde;o Social da Presid&ecirc;ncia da Rep&uacute;blica), um da C&acirc;mara dos Deputados e um do Senado.<\/p>\n<p>&Eacute; prerrogativa do Conselho aprovar anualmente o plano de trabalho e a linha editorial da EBC, assim como&nbsp;observar a sua aplica&ccedil;&atilde;o. Deve ainda&nbsp;acompanhar e fiscalizar a veicula&ccedil;&atilde;o da programa&ccedil;&atilde;o, que ser&aacute; obrigatoriamente acolhida&nbsp;pela Diretoria-Executiva. Ele pode ainda, por delibera&ccedil;&atilde;o da maioria absoluta de seus membros, emitir voto de desconfian&ccedil;a &agrave; Diretoria ou a um dos diretores, sendo que a segunda advert&ecirc;ncia resultar&aacute; necessariamente em afastamento do diretor censurado ou, se for o caso, de toda a diretoria.<\/p>\n","protected":false},"excerpt":{"rendered":"<p>O Conselho Curador da Empresa Brasil de Comunica&ccedil;&atilde;o (EBC) possui um novo membro. Em elei&ccedil;&atilde;o finalizada nesta ter&ccedil;a-feira (19), o jornalista Guilherme Strozi foi o escolhido pelos trabalhadores da Empresa para represent&aacute;-los no &oacute;rg&atilde;o at&eacute; 2013. Ele entra no lugar de Lourival Macedo, que ocupava a vaga no Conselho h&aacute; dois anos. Foram computados 379 &hellip; <a href=\"https:\/\/obscom.intervozes.org.br\/?p=25527\" class=\"more-link\">Continue lendo <span class=\"screen-reader-text\">Guilherme Strozi \u00e9 o novo membro do Conselho Curador da Empresa Brasil de Comunica\u00e7\u00e3o (EBC)<\/span> <span class=\"meta-nav\">&rarr;<\/span><\/a><\/p>\n","protected":false},"author":1,"featured_media":0,"comment_status":"open","ping_status":"open","sticky":false,"template":"","format":"standard","meta":{"footnotes":""},"categories":[39],"tags":[],"_links":{"self":[{"href":"https:\/\/obscom.intervozes.org.br\/index.php?rest_route=\/wp\/v2\/posts\/25527"}],"collection":[{"href":"https:\/\/obscom.intervozes.org.br\/index.php?rest_route=\/wp\/v2\/posts"}],"about":[{"href":"https:\/\/obscom.intervozes.org.br\/index.php?rest_route=\/wp\/v2\/types\/post"}],"author":[{"embeddable":true,"href":"https:\/\/obscom.intervozes.org.br\/index.php?rest_route=\/wp\/v2\/users\/1"}],"replies":[{"embeddable":true,"href":"https:\/\/obscom.intervozes.org.br\/index.php?rest_route=%2Fwp%2Fv2%2Fcomments&post=25527"}],"version-history":[{"count":0,"href":"https:\/\/obscom.intervozes.org.br\/index.php?rest_route=\/wp\/v2\/posts\/25527\/revisions"}],"wp:attachment":[{"href":"https:\/\/obscom.intervozes.org.br\/index.php?rest_route=%2Fwp%2Fv2%2Fmedia&parent=25527"}],"wp:term":[{"taxonomy":"category","embeddable":true,"href":"https:\/\/obscom.intervozes.org.br\/index.php?rest_route=%2Fwp%2Fv2%2Fcategories&post=25527"},{"taxonomy":"post_tag","embeddable":true,"href":"https:\/\/obscom.intervozes.org.br\/index.php?rest_route=%2Fwp%2Fv2%2Ftags&post=25527"}],"curies":[{"name":"wp","href":"https:\/\/api.w.org\/{rel}","templated":true}]}}