{"id":25526,"date":"2011-04-20T15:07:25","date_gmt":"2011-04-20T15:07:25","guid":{"rendered":"https:\/\/obscom.intervozes.org.br\/wordpress\/?p=25526"},"modified":"2011-04-20T15:07:25","modified_gmt":"2011-04-20T15:07:25","slug":"deputado-propoe-criacao-de-subcomissao-de-radio-digital-na-cct","status":"publish","type":"post","link":"https:\/\/obscom.intervozes.org.br\/?p=25526","title":{"rendered":"Deputado prop\u00f5e cria\u00e7\u00e3o de subcomiss\u00e3o de r\u00e1dio digital na CCT"},"content":{"rendered":"<p><span class=\"padrao\"><strong>L&uacute;cia Berbert &#8211; Tele S&iacute;ntese<\/strong><\/p>\n<p>O deputado Sandro Alex (PPS-PR) prop&ocirc;s, na Comiss&atilde;o de Ci&ecirc;ncia e Tecnologia da C&acirc;mara, a instala&ccedil;&atilde;o de uma subcomiss&atilde;o para acompanhar o processo de escolha, pelo governo, de padr&atilde;o de r&aacute;dio digital a ser adotado no pa&iacute;s. O parlamentar alega que o assunto, apesar de ter profundas repercuss&otilde;es na comunica&ccedil;&atilde;o de massa, vem sendo debatido h&aacute; mais de dois anos, sem solu&ccedil;&atilde;o aparente.<\/p>\n<p>Pelo requerimento do deputado, que ser&aacute; apreciado esta semana na CCT, ser&atilde;o solicitados os resultados dos testes j&aacute; feitos pela Anatel com a tecnologia americana IBOC (In-Band-On-Chanel) como a europ&eacute;ia DRM (Digital Radio Mondiale). As informa&ccedil;&otilde;es preliminares s&atilde;o de que nenhuma das tecnologias alcan&ccedil;ou as exig&ecirc;ncias t&eacute;cnicas a serem adotadas no Brasil. Um dos requisitos seria atender, simultaneamente, aos sistemas AM e FM, para evitar que o consumidor tenha de comprar diferentes aparelhos para cada sistema.<\/p>\n<p>O padr&atilde;o americano, preferido pelos radiodifusores, &eacute; fechado, o que tornaria sua ado&ccedil;&atilde;o excessivamente onerosa. J&aacute; o padr&atilde;o europeu, aberto, n&atilde;o traz avan&ccedil;os significativos no sistema FM, embora tenha solu&ccedil;&otilde;es interessantes para o sistema AM. Segundo o deputado Sandro Alex, a subcomiss&atilde;o poder&aacute; debater os problemas existentes, bem como analisar os obst&aacute;culos de ordem t&eacute;cnica, al&eacute;m de avaliar as possibilidades reais de se criar uma tecnologia nacional com base no sistema americano ou europeu.<\/span><\/p>\n","protected":false},"excerpt":{"rendered":"<p>L&uacute;cia Berbert &#8211; Tele S&iacute;ntese O deputado Sandro Alex (PPS-PR) prop&ocirc;s, na Comiss&atilde;o de Ci&ecirc;ncia e Tecnologia da C&acirc;mara, a instala&ccedil;&atilde;o de uma subcomiss&atilde;o para acompanhar o processo de escolha, pelo governo, de padr&atilde;o de r&aacute;dio digital a ser adotado no pa&iacute;s. O parlamentar alega que o assunto, apesar de ter profundas repercuss&otilde;es na comunica&ccedil;&atilde;o &hellip; <a href=\"https:\/\/obscom.intervozes.org.br\/?p=25526\" class=\"more-link\">Continue lendo <span class=\"screen-reader-text\">Deputado prop\u00f5e cria\u00e7\u00e3o de subcomiss\u00e3o de r\u00e1dio digital na CCT<\/span> <span class=\"meta-nav\">&rarr;<\/span><\/a><\/p>\n","protected":false},"author":1,"featured_media":0,"comment_status":"open","ping_status":"open","sticky":false,"template":"","format":"standard","meta":{"footnotes":""},"categories":[39],"tags":[],"_links":{"self":[{"href":"https:\/\/obscom.intervozes.org.br\/index.php?rest_route=\/wp\/v2\/posts\/25526"}],"collection":[{"href":"https:\/\/obscom.intervozes.org.br\/index.php?rest_route=\/wp\/v2\/posts"}],"about":[{"href":"https:\/\/obscom.intervozes.org.br\/index.php?rest_route=\/wp\/v2\/types\/post"}],"author":[{"embeddable":true,"href":"https:\/\/obscom.intervozes.org.br\/index.php?rest_route=\/wp\/v2\/users\/1"}],"replies":[{"embeddable":true,"href":"https:\/\/obscom.intervozes.org.br\/index.php?rest_route=%2Fwp%2Fv2%2Fcomments&post=25526"}],"version-history":[{"count":0,"href":"https:\/\/obscom.intervozes.org.br\/index.php?rest_route=\/wp\/v2\/posts\/25526\/revisions"}],"wp:attachment":[{"href":"https:\/\/obscom.intervozes.org.br\/index.php?rest_route=%2Fwp%2Fv2%2Fmedia&parent=25526"}],"wp:term":[{"taxonomy":"category","embeddable":true,"href":"https:\/\/obscom.intervozes.org.br\/index.php?rest_route=%2Fwp%2Fv2%2Fcategories&post=25526"},{"taxonomy":"post_tag","embeddable":true,"href":"https:\/\/obscom.intervozes.org.br\/index.php?rest_route=%2Fwp%2Fv2%2Ftags&post=25526"}],"curies":[{"name":"wp","href":"https:\/\/api.w.org\/{rel}","templated":true}]}}