{"id":25525,"date":"2011-04-19T18:11:20","date_gmt":"2011-04-19T18:11:20","guid":{"rendered":"https:\/\/obscom.intervozes.org.br\/wordpress\/?p=25525"},"modified":"2011-04-19T18:11:20","modified_gmt":"2011-04-19T18:11:20","slug":"frente-parlamentar-das-comunicacoes-e-criada-na-camara","status":"publish","type":"post","link":"https:\/\/obscom.intervozes.org.br\/?p=25525","title":{"rendered":"Frente Parlamentar das comunica\u00e7\u00f5es \u00e9 criada na C\u00e2mara"},"content":{"rendered":"<p class=\"padrao\">A Frente Parlamentar pela Liberdade de Express&atilde;o e o Direito &agrave; Comunica&ccedil;&atilde;o com Participa&ccedil;&atilde;o Popular (Frentecom) lan&ccedil;ada nesta ter&ccedil;a-feira(19) tem o desafio de pautar no Congresso Nacional a reformula&ccedil;&atilde;o no marco regulat&oacute;rio do setor. Quase 50 anos depois que o C&oacute;digo Brasileiro de Telecomunica&ccedil;&otilde;es (CBT) protagonizou embates pol&iacute;ticos nacionais,em 1962, 190 deputados federais de dez partidos &#8211; at&eacute; o momento &#8211; t&ecirc;m o apoio de mais de 70&nbsp; entidades da sociedade civil para enfrentar a falta de cumprimento e regulamenta&ccedil;&atilde;o da Constitui&ccedil;&atilde;o de 1988 nos cap&iacute;tulos destinados &agrave; comunica&ccedil;&atilde;o. <\/p>\n<p class=\"padrao\">A press&atilde;o sob o Congresso se intensifica pelo fato de a legisla&ccedil;&atilde;o vigente estar defasada em um ambiente de converg&ecirc;ncia tecnol&oacute;gica. A deputada federal Luiza Erundina (PSB-SP) explicou o processo de constru&ccedil;&atilde;o da Frente: &quot;A ideia vem da necessidade de um novo marco regulat&oacute;rio, que acompanhe os avan&ccedil;os tecnol&oacute;gicos e as necessidades da sociedade&quot;. Para a deputada, escolhida coordenadora da Frente, esta &eacute; uma continua&ccedil;&atilde;o do processo que se iniciou com a I Confer&ecirc;ncia Nacional de Comunica&ccedil;&atilde;o (Confecom), em 2009,.<\/p>\n<p class=\"padrao\">A reativa&ccedil;&atilde;o do Conselho de Comunica&ccedil;&atilde;o Social pelo Congresso foi pauta ratificada pelas entidades da sociedade civil presentes no audit&oacute;rio da C&acirc;mara dos Deputados. Rosane Bertotti, representante da Central dos Movimentos Sociais (CMS), reafirmou a necessidade da repercuss&atilde;o das atividades da Frente nos estados. &quot;A luta pela democratiza&ccedil;&atilde;o da comunica&ccedil;&atilde;o come&ccedil;a no Congresso, mas deve iniciar a cria&ccedil;&atilde;o de frentes e conselhos regionais de comunica&ccedil;&atilde;o&quot;, disse Rosane.<\/p>\n<p class=\"padrao\">J&aacute; o deputado Emiliano Jos&eacute; (PT-BA) ressaltou que os empres&aacute;rios foram convidados para participar da Frentecom, mas liderados pela Associa&ccedil;&atilde;o Brasileira de Emissoras de R&aacute;dio e TV (Abert), v&aacute;rias entidades do segmento n&atilde;o formalizaram seu ingresso na Frente. Do campo empresarial, somente a Associa&ccedil;&atilde;o Brasileira de Empresas e Empreendedores de Comunica&ccedil;&atilde;o (Altercom) e Associa&ccedil;&atilde;o dos Jornais do Interior do Estado de S&atilde;o Paulo (Andijor-SP) integram a Frentecom. <\/p>\n<p class=\"padrao\">O deputado Emiliano avaliou que a concentra&ccedil;&atilde;o abusiva da propriedade &eacute; marca do panorama do setor no pa&iacute;s. &quot;Existe expropria&ccedil;&atilde;o do direito da sociedade se comunicar corretamente. N&atilde;o podemos continuar com um grupo de fam&iacute;lias interpretando o Brasil sob sua l&oacute;gica e ideologia&quot;, completou o parlamentar baiano. &nbsp;<\/p>\n<p class=\"padrao\">Outro assunto citado no lan&ccedil;amento foi o Fundo de Universaliza&ccedil;&atilde;o dos Servi&ccedil;os de Telecomunica&ccedil;&otilde;es (Fust). O deputado Ivan Valente (PSOL-SP) defendeu que o Fundo n&atilde;o deve ser usado nem por empresas privadas, nem para o super&aacute;vit prim&aacute;rio. Al&eacute;m disso, entidades da sociedade civil lembraram que a banda larga deve ser transformada em um servi&ccedil;o p&uacute;blico com metas de universaliza&ccedil;&atilde;o e n&atilde;o de massifica&ccedil;&atilde;o.<\/p>\n<p class=\"padrao\">As atividades da Frentecom j&aacute; come&ccedil;am no dia 27 de abril, quando a coordena&ccedil;&atilde;o da frente se reunir&aacute; pela primeira vez. No dia 28 de abril, haver&aacute; uma audi&ecirc;ncia p&uacute;blica com o ministro das Coumunica&ccedil;&otilde;es Paulo Bernardo.<\/p>\n","protected":false},"excerpt":{"rendered":"<p>Criada nesta ter&ccedil;a (19), a Frentecom j&aacute; conta com ades&atilde;o de mais de 190 deputados e mais de 70 organiza&ccedil;&otilde;es civis<\/p>\n","protected":false},"author":1,"featured_media":0,"comment_status":"open","ping_status":"open","sticky":false,"template":"","format":"standard","meta":{"footnotes":""},"categories":[40],"tags":[164],"_links":{"self":[{"href":"https:\/\/obscom.intervozes.org.br\/index.php?rest_route=\/wp\/v2\/posts\/25525"}],"collection":[{"href":"https:\/\/obscom.intervozes.org.br\/index.php?rest_route=\/wp\/v2\/posts"}],"about":[{"href":"https:\/\/obscom.intervozes.org.br\/index.php?rest_route=\/wp\/v2\/types\/post"}],"author":[{"embeddable":true,"href":"https:\/\/obscom.intervozes.org.br\/index.php?rest_route=\/wp\/v2\/users\/1"}],"replies":[{"embeddable":true,"href":"https:\/\/obscom.intervozes.org.br\/index.php?rest_route=%2Fwp%2Fv2%2Fcomments&post=25525"}],"version-history":[{"count":0,"href":"https:\/\/obscom.intervozes.org.br\/index.php?rest_route=\/wp\/v2\/posts\/25525\/revisions"}],"wp:attachment":[{"href":"https:\/\/obscom.intervozes.org.br\/index.php?rest_route=%2Fwp%2Fv2%2Fmedia&parent=25525"}],"wp:term":[{"taxonomy":"category","embeddable":true,"href":"https:\/\/obscom.intervozes.org.br\/index.php?rest_route=%2Fwp%2Fv2%2Fcategories&post=25525"},{"taxonomy":"post_tag","embeddable":true,"href":"https:\/\/obscom.intervozes.org.br\/index.php?rest_route=%2Fwp%2Fv2%2Ftags&post=25525"}],"curies":[{"name":"wp","href":"https:\/\/api.w.org\/{rel}","templated":true}]}}