{"id":25524,"date":"2011-04-19T16:14:12","date_gmt":"2011-04-19T16:14:12","guid":{"rendered":"https:\/\/obscom.intervozes.org.br\/wordpress\/?p=25524"},"modified":"2011-04-19T16:14:12","modified_gmt":"2011-04-19T16:14:12","slug":"brasil-ja-tem-mais-de-38-milhoes-de-conexoes-em-banda-larga","status":"publish","type":"post","link":"https:\/\/obscom.intervozes.org.br\/?p=25524","title":{"rendered":"Brasil j\u00e1 tem mais de 38 milh\u00f5es de conex\u00f5es em banda larga"},"content":{"rendered":"<p><span class=\"padrao\">O n&uacute;mero de acessos em banda larga fixa e m&oacute;vel das prestadoras de servi&ccedil;os de telecomunica&ccedil;&otilde;es no Brasil chegou a 38,5 milh&otilde;es no final do primeiro trimestre de 2011, um avan&ccedil;o de 51,5% em rela&ccedil;&atilde;o ao mesmo per&iacute;odo do ano passado. As conex&otilde;es em banda larga m&oacute;vel, que incluem acessos por modems e smartphones, tiveram uma evolu&ccedil;&atilde;o de 77,7%, passando de 13,7 milh&otilde;es para 24,4 milh&otilde;es no per&iacute;odo. Na banda larga fixa, o crescimento foi de 20,5%, totalizando 14 milh&otilde;es de acessos.<\/p>\n<p>De acordo com a Associa&ccedil;&atilde;o Brasileira de Telecomunica&ccedil;&otilde;es (Telebrasil), estudos de consultorias internacionais mostram que o Brasil j&aacute; est&aacute; na oitava posi&ccedil;&atilde;o do mercado mundial de banda larga m&oacute;vel e em nono entre os pa&iacute;ses com maior n&uacute;mero de acessos fixos.<\/p>\n<p>A banda larga m&oacute;vel est&aacute; presente em 1.441 munic&iacute;pios e as redes fixas j&aacute; est&atilde;o em mais de 5 mil munic&iacute;pios brasileiros. Segundo a Telebrasil, 79% dos domic&iacute;lios que t&ecirc;m computador j&aacute; navegam na internet em alta velocidade e cerca de 80% das conex&otilde;es s&atilde;o residenciais.<\/p>\n<p>Os acessos em banda larga fixa com velocidades inferiores a 1 megabit por segundo (Mbps) est&atilde;o em decl&iacute;nio e as conex&otilde;es mais r&aacute;pidas, acima de 2 Mbps, j&aacute; representam 20% dos acessos. Segundo a entidade, v&aacute;rias prestadoras est&atilde;o investindo na introdu&ccedil;&atilde;o de velocidades bem mais altas.<\/p>\n<p>Recentemente, o governo federal determinou que a velocidade que dever&aacute; ser oferecida por meio do Programa Nacional de Banda Larga (PNBL) deve ser de, no m&iacute;nimo, 1 Mbps ao custo de R$ 35 por m&ecirc;s.<\/span><\/p>\n","protected":false},"excerpt":{"rendered":"<p>O n&uacute;mero de acessos em banda larga fixa e m&oacute;vel das prestadoras de servi&ccedil;os de telecomunica&ccedil;&otilde;es no Brasil chegou a 38,5 milh&otilde;es no final do primeiro trimestre de 2011, um avan&ccedil;o de 51,5% em rela&ccedil;&atilde;o ao mesmo per&iacute;odo do ano passado. As conex&otilde;es em banda larga m&oacute;vel, que incluem acessos por modems e smartphones, tiveram &hellip; <a href=\"https:\/\/obscom.intervozes.org.br\/?p=25524\" class=\"more-link\">Continue lendo <span class=\"screen-reader-text\">Brasil j\u00e1 tem mais de 38 milh\u00f5es de conex\u00f5es em banda larga<\/span> <span class=\"meta-nav\">&rarr;<\/span><\/a><\/p>\n","protected":false},"author":1,"featured_media":0,"comment_status":"open","ping_status":"open","sticky":false,"template":"","format":"standard","meta":{"footnotes":""},"categories":[40],"tags":[150],"_links":{"self":[{"href":"https:\/\/obscom.intervozes.org.br\/index.php?rest_route=\/wp\/v2\/posts\/25524"}],"collection":[{"href":"https:\/\/obscom.intervozes.org.br\/index.php?rest_route=\/wp\/v2\/posts"}],"about":[{"href":"https:\/\/obscom.intervozes.org.br\/index.php?rest_route=\/wp\/v2\/types\/post"}],"author":[{"embeddable":true,"href":"https:\/\/obscom.intervozes.org.br\/index.php?rest_route=\/wp\/v2\/users\/1"}],"replies":[{"embeddable":true,"href":"https:\/\/obscom.intervozes.org.br\/index.php?rest_route=%2Fwp%2Fv2%2Fcomments&post=25524"}],"version-history":[{"count":0,"href":"https:\/\/obscom.intervozes.org.br\/index.php?rest_route=\/wp\/v2\/posts\/25524\/revisions"}],"wp:attachment":[{"href":"https:\/\/obscom.intervozes.org.br\/index.php?rest_route=%2Fwp%2Fv2%2Fmedia&parent=25524"}],"wp:term":[{"taxonomy":"category","embeddable":true,"href":"https:\/\/obscom.intervozes.org.br\/index.php?rest_route=%2Fwp%2Fv2%2Fcategories&post=25524"},{"taxonomy":"post_tag","embeddable":true,"href":"https:\/\/obscom.intervozes.org.br\/index.php?rest_route=%2Fwp%2Fv2%2Ftags&post=25524"}],"curies":[{"name":"wp","href":"https:\/\/api.w.org\/{rel}","templated":true}]}}