{"id":25521,"date":"2011-04-18T17:53:17","date_gmt":"2011-04-18T17:53:17","guid":{"rendered":"https:\/\/obscom.intervozes.org.br\/wordpress\/?p=25521"},"modified":"2011-04-18T17:53:17","modified_gmt":"2011-04-18T17:53:17","slug":"frente-parlamentar-pela-liberdade-de-expressao-sera-lancada-nesta-terca-19","status":"publish","type":"post","link":"https:\/\/obscom.intervozes.org.br\/?p=25521","title":{"rendered":"Frente parlamentar pela liberdade de express\u00e3o ser\u00e1 lan\u00e7ada nesta ter\u00e7a (19)"},"content":{"rendered":"\n<p style=\"margin-bottom: 0cm\" class=\"padrao\">Nesta ter&ccedil;a-feira (19) ser&aacute; lan&ccedil;ada, em Bras&iacute;lia, a Frente Parlamentar pela Liberdade de Express&atilde;o e o Direito &agrave; Comunica&ccedil;&atilde;o com Participa&ccedil;&atilde;o Popular. O evento acontecer&aacute; na C&acirc;mara dos Deputados (audit&oacute;rio Nereu Ramos), &agrave;s 14h. No ato, al&eacute;m da aprova&ccedil;&atilde;o do manifesto e do estatuto da Frente, dever&aacute; tamb&eacute;m ser escolhida a coordena&ccedil;&atilde;o, que ser&aacute; formada por deputados\/as e representantes de organiza&ccedil;&otilde;es da sociedade civil que comp&otilde;em a Frente.<\/p>\n<p>Segundo convocat&oacute;ria das entidades, a id&eacute;ia de criar a Frente partiu da deputada Luiza Erundina (PSB\/SP) quando, em abril de 2010, no lan&ccedil;amento da Altercom (Associa&ccedil;&atilde;o Brasileira de Empresas e Empreendedores da Comunica&ccedil;&atilde;o), entidade formada por representantes de ve&iacute;culos alternativos de comunica&ccedil;&atilde;o e blogueiros, ela informou que iria articular a cria&ccedil;&atilde;o de uma frente parlamentar com a finalidade de discutir, acompanhar e propor iniciativas com vistas &agrave; democratiza&ccedil;&atilde;o da comunica&ccedil;&atilde;o. <\/p>\n<p>Ainda em 2010, Erundina colhe assinaturas de deputados\/as que se comprometem a constituir um n&uacute;cleo inicial de cria&ccedil;&atilde;o da Frente. No in&iacute;cio dessa legislatura, em 2011, com o apoio do deputado Emiliano Jos&eacute; (PT\/BA), a cria&ccedil;&atilde;o da Frente volta a ser discutida e deputados\/as e organiza&ccedil;&otilde;es da sociedade civil passam a reunir-se periodicamente para encaminhar as provid&ecirc;ncias para constitui&ccedil;&atilde;o formal da Frente junto &agrave; C&acirc;mara dos Deputados.<\/p>\n<p>Atualmente, al&eacute;m da deputada Luiza Erundina e do deputado Emiliano Jos&eacute; outros parlamentares tamb&eacute;m trabalham pela cria&ccedil;&atilde;o da Frente, como o deputado Jean Wyllys (PSOL-RJ), a deputada Luciana Santos (PCdoB\/PE) e o deputado Paulo Pimenta (PT\/RS), que formam a coordena&ccedil;&atilde;o provis&oacute;ria da Frente.<\/p>\n<p style=\"margin-bottom: 0cm\" class=\"padrao\">&nbsp;<\/p>\n<p style=\"margin-bottom: 0cm\" class=\"padrao\">Mais informa&ccedil;&otilde;es em&nbsp;   \t \t \t \tp { margin-bottom: 0.21cm; <a href=\"http:\/\/frentecom.wordpress.com\/\" target=\"_blank\">http:\/\/frentecom.wordpress.com<\/a>   <\/p>\n","protected":false},"excerpt":{"rendered":"<p>Nesta ter&ccedil;a-feira (19) ser&aacute; lan&ccedil;ada, em Bras&iacute;lia, a Frente Parlamentar pela Liberdade de Express&atilde;o e o Direito &agrave; Comunica&ccedil;&atilde;o com Participa&ccedil;&atilde;o Popular. O evento acontecer&aacute; na C&acirc;mara dos Deputados (audit&oacute;rio Nereu Ramos), &agrave;s 14h. No ato, al&eacute;m da aprova&ccedil;&atilde;o do manifesto e do estatuto da Frente, dever&aacute; tamb&eacute;m ser escolhida a coordena&ccedil;&atilde;o, que ser&aacute; formada &hellip; <a href=\"https:\/\/obscom.intervozes.org.br\/?p=25521\" class=\"more-link\">Continue lendo <span class=\"screen-reader-text\">Frente parlamentar pela liberdade de express\u00e3o ser\u00e1 lan\u00e7ada nesta ter\u00e7a (19)<\/span> <span class=\"meta-nav\">&rarr;<\/span><\/a><\/p>\n","protected":false},"author":1,"featured_media":0,"comment_status":"open","ping_status":"open","sticky":false,"template":"","format":"standard","meta":{"footnotes":""},"categories":[39],"tags":[],"_links":{"self":[{"href":"https:\/\/obscom.intervozes.org.br\/index.php?rest_route=\/wp\/v2\/posts\/25521"}],"collection":[{"href":"https:\/\/obscom.intervozes.org.br\/index.php?rest_route=\/wp\/v2\/posts"}],"about":[{"href":"https:\/\/obscom.intervozes.org.br\/index.php?rest_route=\/wp\/v2\/types\/post"}],"author":[{"embeddable":true,"href":"https:\/\/obscom.intervozes.org.br\/index.php?rest_route=\/wp\/v2\/users\/1"}],"replies":[{"embeddable":true,"href":"https:\/\/obscom.intervozes.org.br\/index.php?rest_route=%2Fwp%2Fv2%2Fcomments&post=25521"}],"version-history":[{"count":0,"href":"https:\/\/obscom.intervozes.org.br\/index.php?rest_route=\/wp\/v2\/posts\/25521\/revisions"}],"wp:attachment":[{"href":"https:\/\/obscom.intervozes.org.br\/index.php?rest_route=%2Fwp%2Fv2%2Fmedia&parent=25521"}],"wp:term":[{"taxonomy":"category","embeddable":true,"href":"https:\/\/obscom.intervozes.org.br\/index.php?rest_route=%2Fwp%2Fv2%2Fcategories&post=25521"},{"taxonomy":"post_tag","embeddable":true,"href":"https:\/\/obscom.intervozes.org.br\/index.php?rest_route=%2Fwp%2Fv2%2Ftags&post=25521"}],"curies":[{"name":"wp","href":"https:\/\/api.w.org\/{rel}","templated":true}]}}