{"id":25515,"date":"2011-04-15T16:39:36","date_gmt":"2011-04-15T16:39:36","guid":{"rendered":"https:\/\/obscom.intervozes.org.br\/wordpress\/?p=25515"},"modified":"2011-04-15T16:39:36","modified_gmt":"2011-04-15T16:39:36","slug":"projeto-da-secretaria-de-comunicacao-e-apresentado-para-empresarios-em-salvador","status":"publish","type":"post","link":"https:\/\/obscom.intervozes.org.br\/?p=25515","title":{"rendered":"Projeto da Secretaria de Comunica\u00e7\u00e3o \u00e9 apresentado para empres\u00e1rios em Salvador"},"content":{"rendered":"<p><span class=\"padrao\">Em atendimento &agrave;s demandas apresentadas durante as Confer&ecirc;ncias de Comunica&ccedil;&atilde;o realizadas na Bahia, o assessor-geral de Comunica&ccedil;&atilde;o do governo, Robinson Almeida, apresentou aos empres&aacute;rios do setor de comunica&ccedil;&atilde;o do estado, os detalhes do projeto de lei, em tramita&ccedil;&atilde;o na Assembleia Legislativa, que cria a Secretaria de Comunica&ccedil;&atilde;o do Estado na manh&atilde; desta quarta-feira (13).<\/p>\n<p>Representantes dos segmentos de jornais, sites e blogs, r&aacute;dio, TV e ag&ecirc;ncias de propaganda conheceram as bases da nova secretaria, que tem como objetivo propor, coordenar e executar a pol&iacute;tica de comunica&ccedil;&atilde;o social do governo e ser&aacute; formada pela assessoria de imprensa do governador, assessoria de elabora&ccedil;&atilde;o de pol&iacute;ticas p&uacute;blicas de comunica&ccedil;&atilde;o, uma coordena&ccedil;&atilde;o integrada que cuidar&aacute; da publicidade, internet e eventos, uma coordena&ccedil;&atilde;o de jornalismo, estruturas administrativas e um &oacute;rg&atilde;o consultivo, que &eacute; o Conselho Estadual de Comunica&ccedil;&atilde;o Social.<\/p>\n<p><strong>Conselho<\/strong><\/p>\n<p>Tamb&eacute;m foi destacado o papel inovador do Conselho Estadual de Comunica&ccedil;&atilde;o. &ldquo;N&oacute;s vamos fazer pol&iacute;tica de comunica&ccedil;&atilde;o de forma democr&aacute;tica, com a participa&ccedil;&atilde;o da sociedade. O Conselho vai ser um &oacute;rg&atilde;o auxiliar da secretaria com a representa&ccedil;&atilde;o de todos os segmentos da sociedade, empresarial, social e acad&ecirc;mica para poder elaborar junto com o governo pol&iacute;ticas p&uacute;blicas de Comunica&ccedil;&atilde;o&quot;, explicou Robinson Almeida.<\/span><\/p>\n<p>&nbsp;<\/p>\n","protected":false},"excerpt":{"rendered":"<p>Em atendimento &agrave;s demandas apresentadas durante as Confer&ecirc;ncias de Comunica&ccedil;&atilde;o realizadas na Bahia, o assessor-geral de Comunica&ccedil;&atilde;o do governo, Robinson Almeida, apresentou aos empres&aacute;rios do setor de comunica&ccedil;&atilde;o do estado, os detalhes do projeto de lei, em tramita&ccedil;&atilde;o na Assembleia Legislativa, que cria a Secretaria de Comunica&ccedil;&atilde;o do Estado na manh&atilde; desta quarta-feira (13). Representantes &hellip; <a href=\"https:\/\/obscom.intervozes.org.br\/?p=25515\" class=\"more-link\">Continue lendo <span class=\"screen-reader-text\">Projeto da Secretaria de Comunica\u00e7\u00e3o \u00e9 apresentado para empres\u00e1rios em Salvador<\/span> <span class=\"meta-nav\">&rarr;<\/span><\/a><\/p>\n","protected":false},"author":1,"featured_media":0,"comment_status":"open","ping_status":"open","sticky":false,"template":"","format":"standard","meta":{"footnotes":""},"categories":[39],"tags":[],"_links":{"self":[{"href":"https:\/\/obscom.intervozes.org.br\/index.php?rest_route=\/wp\/v2\/posts\/25515"}],"collection":[{"href":"https:\/\/obscom.intervozes.org.br\/index.php?rest_route=\/wp\/v2\/posts"}],"about":[{"href":"https:\/\/obscom.intervozes.org.br\/index.php?rest_route=\/wp\/v2\/types\/post"}],"author":[{"embeddable":true,"href":"https:\/\/obscom.intervozes.org.br\/index.php?rest_route=\/wp\/v2\/users\/1"}],"replies":[{"embeddable":true,"href":"https:\/\/obscom.intervozes.org.br\/index.php?rest_route=%2Fwp%2Fv2%2Fcomments&post=25515"}],"version-history":[{"count":0,"href":"https:\/\/obscom.intervozes.org.br\/index.php?rest_route=\/wp\/v2\/posts\/25515\/revisions"}],"wp:attachment":[{"href":"https:\/\/obscom.intervozes.org.br\/index.php?rest_route=%2Fwp%2Fv2%2Fmedia&parent=25515"}],"wp:term":[{"taxonomy":"category","embeddable":true,"href":"https:\/\/obscom.intervozes.org.br\/index.php?rest_route=%2Fwp%2Fv2%2Fcategories&post=25515"},{"taxonomy":"post_tag","embeddable":true,"href":"https:\/\/obscom.intervozes.org.br\/index.php?rest_route=%2Fwp%2Fv2%2Ftags&post=25515"}],"curies":[{"name":"wp","href":"https:\/\/api.w.org\/{rel}","templated":true}]}}