{"id":25514,"date":"2011-04-14T13:46:26","date_gmt":"2011-04-14T13:46:26","guid":{"rendered":"https:\/\/obscom.intervozes.org.br\/wordpress\/?p=25514"},"modified":"2014-09-07T03:01:47","modified_gmt":"2014-09-07T03:01:47","slug":"governo-gaucho-cria-novas-relacoes-em-sua-politica-de-comunicacao","status":"publish","type":"post","link":"https:\/\/obscom.intervozes.org.br\/?p=25514","title":{"rendered":"Governo ga\u00facho cria novas rela\u00e7\u00f5es em sua pol\u00edtica de comunica\u00e7\u00e3o\u00a0"},"content":{"rendered":"<p class=\"padrao\">Nos primeiros meses do retorno petista ao comando do Governo do Estado do Rio Grande do Sul, o governador Tarso Genro dedica espa&ccedil;o consider&aacute;vel para alterar a rela&ccedil;&otilde;es entre a sociedade civil e governo nas pol&iacute;ticas de comunica&ccedil;&atilde;o. Antes de tomar posse, Tarso deu tom do que viria pela frente ao conceder entrevista a blogueiros dissociados das corpora&ccedil;&otilde;es midi&aacute;ticas e, ao assumir, reformular a pasta do setor para Secretaria de Comunica&ccedil;&atilde;o e Inclus&atilde;o Digital (Secom), sob responsabilidade da jornalista Vera Spolidoro.<\/p>\n<p>No novo organograma constam cinco diretorias: Jornalismo, Rela&ccedil;&otilde;es P&uacute;blicas, Pol&iacute;ticas P&uacute;blicas, Inclus&atilde;o Digital e Publicidade, al&eacute;m da incorpora&ccedil;&atilde;o da Funda&ccedil;&atilde;o Piratini, respons&aacute;vel pela radiodifus&atilde;o p&uacute;blica do estado. Segundo Vera, a pasta vai&nbsp; inicialmente permanecer no que ela denomina &quot;m&iacute;dia pregui&ccedil;osa&quot;, aquela que investe os cerca de R$ 200 milh&otilde;es anuais de publicidade do governo ga&uacute;cho nos ve&iacute;culos que t&ecirc;m maior audi&ecirc;ncia.<\/p>\n<p>Paulatinamente a Secom se compromete em estudar a destina&ccedil;&atilde;o de cerca de 20% dos gastos com publicidade em meios n&atilde;o tradicionais como r&aacute;dios comunit&aacute;rias e blogs. Questionada sobre a possibilidade do Tribunal de Contas do Estado rejeitar o redirecionamento destes investimentos, por estarem balizados pelo crit&eacute;rio da audi&ecirc;ncia, Spolidoro defende que pode alegar a necessidade da segmenta&ccedil;&atilde;o, a exemplo das campanhas conta dengue, pois as r&aacute;dios comunit&aacute;rias chegam nos locais espec&iacute;ficos que t&ecirc;m focos do mosquito.<\/p>\n<p>O Conselho Estadual de Comunica&ccedil;&atilde;o &eacute; uma promessa de campanha que ser&aacute; cumprida, segundo a secret&aacute;ria. Por enquanto, o processo &eacute; conduzido pela Conselho de Desenvolvimento e Controle Social do estado, apelidado de Conselh&atilde;o, que tem entre os integrantes o presidente da Federa&ccedil;&atilde;o Nacional dos Jornalistas Celso Schroeder. Na palavras de Vera n&atilde;o se pretende criar o Conselho por decreto, mas atrav&eacute;s de consultas a popula&ccedil;&atilde;o e sob refer&ecirc;ncia da Constitui&ccedil;&atilde;o Estadual, que j&aacute; prev&ecirc; o &oacute;rg&atilde;o.<\/p>\n<p>No campo da Inclus&atilde;o Digital est&aacute; em implementa&ccedil;&atilde;o uma ferramenta de consulta popular via internet denominada Governador 2.0, que possibilita o di&aacute;logo virtual, inspirada numa experi&ecirc;ncia alem&atilde;. A fim de expandir a banda larga no estado, na &uacute;ltima ter&ccedil;a-feira (12), o governo assinou protocolo de inten&ccedil;&otilde;es com o Ministro das Comunica&ccedil;&otilde;es Paulo Bernardo. A contrapartida ga&uacute;cha ser&aacute; o compartilhamento da infraestrutura de pr&eacute;dios, dutos, cabos e estradas para ampliar o Programa Nacional de Banda Larga (PNBL), em especial nas escolas.<\/p>\n<p><strong>Vontade pol&iacute;tica<\/strong><\/p>\n<p>Apesar de decis&otilde;es estrat&eacute;gicas da comunica&ccedil;&atilde;o no Brasil estarem centradas em n&iacute;vel federal, o pesquisador Val&eacute;rio Cruz Brittos defende que as pol&iacute;ticas locais podem ser tocadas caso haja &quot;vontade pol&iacute;tica&quot; e complementa: &quot;N&atilde;o &eacute; uma frase de efeito, &eacute; disposi&ccedil;&atilde;o do governante de enfrentar os setores dominantes, contrariar o poder hegem&ocirc;nico&quot;.<\/p>\n<p>Professor da Universidade do Vale dos Sinos (Unisinos), Val&eacute;rio destaca que as a&ccedil;&otilde;es estaduais precisam incorporar a dimens&atilde;o econ&ocirc;mica da comunica&ccedil;&atilde;o para o desenvolvimento e elenca possibilidades ainda n&atilde;o exploradas, como encaminhar as inst&acirc;ncias federais resolu&ccedil;&otilde;es que deem subs&iacute;dios as suas decis&otilde;es, a exemplo do acompanhamento das outorgas de radiodifus&atilde;o.<\/p>\n<p>Val&eacute;rio Brittos tamb&eacute;m alerta que as TVs p&uacute;blicas de sinal aberto t&ecirc;m novos horizontes com o decreto do Sistema Brasileiro de Televis&atilde;o Digital devido a possibilidade de ter at&eacute; quatro novos canais abertos e multiprograma&ccedil;&atilde;o. &quot;Nesse momento de TV digital, a comunica&ccedil;&atilde;o p&uacute;blica pode ser diferencial&quot;, alerta o pesquisador que apresenta a proposta de fortalecimento de tr&ecirc;s canais p&uacute;blicos: um generalista, voltado para disputar audi&ecirc;ncia; um de teor cultural segmentado; e o terceiro dedicado aos movimentos sociais e comunidade. Mas para chegar na era digital, Brittos lembra que o Rio Grande do Sul ter&aacute; que resolver problemas das gest&otilde;es anteriores na TVE, pois: &quot;O pouco que havia foi esvaziado e quadros da maior qualidade est&atilde;o desmotivados&quot;.<\/p>\n<p><strong>Participa&ccedil;&atilde;o<\/strong><\/p>\n<p>O professor ressalta que no governo de Tarso Genro o exerc&iacute;cio de di&aacute;logo com os movimentos sociais atrav&eacute;s da diretoria de Pol&iacute;ticas P&uacute;blicas, coordenada por Cl&aacute;udia Cardoso, &eacute; fundamental para avan&ccedil;ar a pol&iacute;tica e deve ser acompanhado pela efetiva&ccedil;&atilde;o de conselhos.<\/p>\n<p>Nos dias 11 e 12 de abril o governo ga&uacute;cho voltou a sentir o peso das reivindica&ccedil;&otilde;es pela democratiza&ccedil;&atilde;o do setor no F&oacute;rum da Igualdade, organizado pela Coordena&ccedil;&atilde;o dos Movimentos Sociais (CMS) em Porto Alegre. Tarso esteve presente na abertura e declarou que: &ldquo;Este &eacute; o verdadeiro F&oacute;rum da Liberdade porque este &eacute; o F&oacute;rum da Igualdade&rdquo;, numa sinaliza&ccedil;&atilde;o que a pauta ainda vai avan&ccedil;ar muito nos pampas. Ali&aacute;s, Tarso &eacute; familiarizado com tema, j&aacute; havia estimulado Conselho Municipal de Comunica&ccedil;&atilde;o e realizado confer&ecirc;ncia para a &aacute;rea durante sua primeira passagem na prefeitura de Porto Alegre na d&eacute;cada de 1990.<\/p>\n<p class=\"padrao\">&nbsp;<\/p>\n<p class=\"padrao\">Leia Mais:<\/p>\n<p><a href=\"http:\/\/localhost\/intervozes_direitoacomunicacao\/wordpress\/?p=24661\">Piau&iacute; desativa Unidade de Pol&iacute;ticas P&uacute;blicas de Comunica&ccedil;&atilde;o&nbsp; <\/a><\/p>\n<p><a href=\"http:\/\/localhost\/intervozes_direitoacomunicacao\/wordpress\/?p=24488\">Sociedade apresenta propostas para TV Pernambuco&nbsp; <\/a><\/p>\n<p><a href=\"http:\/\/localhost\/intervozes_direitoacomunicacao\/wordpress\/?p=25044\">Conselhos s&atilde;o embri&otilde;es de pol&iacute;ticas p&uacute;blicas constitucionais&nbsp; <\/a><\/p>\n<p><a href=\"http:\/\/localhost\/intervozes_direitoacomunicacao\/wordpress\/?p=24864\">Sociedade e governo prop&otilde;em mudan&ccedil;as em emissoras p&uacute;blicas de Sergipe&nbsp; <\/a> <\/p>\n<p class=\"padrao\">&nbsp;<\/p>\n<p class=\"padrao\">&nbsp;<\/p>\n","protected":false},"excerpt":{"rendered":"<p>Executivo estadual pretende direcionar 20% das verbas publicit&aacute;rias  para ve&iacute;culos como blogs e r&aacute;dios comunit&aacute;rias, instalar conselho e  expandir a banda larga<\/p>\n","protected":false},"author":1,"featured_media":0,"comment_status":"open","ping_status":"open","sticky":false,"template":"","format":"standard","meta":{"footnotes":""},"categories":[40],"tags":[1517],"_links":{"self":[{"href":"https:\/\/obscom.intervozes.org.br\/index.php?rest_route=\/wp\/v2\/posts\/25514"}],"collection":[{"href":"https:\/\/obscom.intervozes.org.br\/index.php?rest_route=\/wp\/v2\/posts"}],"about":[{"href":"https:\/\/obscom.intervozes.org.br\/index.php?rest_route=\/wp\/v2\/types\/post"}],"author":[{"embeddable":true,"href":"https:\/\/obscom.intervozes.org.br\/index.php?rest_route=\/wp\/v2\/users\/1"}],"replies":[{"embeddable":true,"href":"https:\/\/obscom.intervozes.org.br\/index.php?rest_route=%2Fwp%2Fv2%2Fcomments&post=25514"}],"version-history":[{"count":4,"href":"https:\/\/obscom.intervozes.org.br\/index.php?rest_route=\/wp\/v2\/posts\/25514\/revisions"}],"predecessor-version":[{"id":28240,"href":"https:\/\/obscom.intervozes.org.br\/index.php?rest_route=\/wp\/v2\/posts\/25514\/revisions\/28240"}],"wp:attachment":[{"href":"https:\/\/obscom.intervozes.org.br\/index.php?rest_route=%2Fwp%2Fv2%2Fmedia&parent=25514"}],"wp:term":[{"taxonomy":"category","embeddable":true,"href":"https:\/\/obscom.intervozes.org.br\/index.php?rest_route=%2Fwp%2Fv2%2Fcategories&post=25514"},{"taxonomy":"post_tag","embeddable":true,"href":"https:\/\/obscom.intervozes.org.br\/index.php?rest_route=%2Fwp%2Fv2%2Ftags&post=25514"}],"curies":[{"name":"wp","href":"https:\/\/api.w.org\/{rel}","templated":true}]}}