{"id":25494,"date":"2011-04-07T14:57:12","date_gmt":"2011-04-07T14:57:12","guid":{"rendered":"https:\/\/obscom.intervozes.org.br\/wordpress\/?p=25494"},"modified":"2011-04-07T14:57:12","modified_gmt":"2011-04-07T14:57:12","slug":"amarc-lanca-relatorio-diversidade-e-pluralidade-na-radiodifusao-2010","status":"publish","type":"post","link":"https:\/\/obscom.intervozes.org.br\/?p=25494","title":{"rendered":"AMARC lan\u00e7a relat\u00f3rio &#8220;Diversidade e Pluralidade na Radiodifus\u00e3o 2010\u201d"},"content":{"rendered":"<p><span class=\"padrao\">Concentra&ccedil;&atilde;o da posse dos meios de comunica&ccedil;&atilde;o, criminaliza&ccedil;&atilde;o dos ve&iacute;culos comunit&aacute;rios, abuso de poder dos governos na concess&atilde;o de licen&ccedil;as, letargia do legislativo s&atilde;o algumas das conclus&otilde;es apontados pelo relat&oacute;rio.<\/p>\n<p>A coordenadora e redatora do relat&oacute;rio, Aleida Calleja, disse em entrevista a ag&ecirc;ncia Adital que a maioria dos pa&iacute;ses da Am&eacute;rica Latina n&atilde;o cumpre com as normativas em mat&eacute;ria de liberdade de express&atilde;o e radiodifus&atilde;o adotados pelo Sistema Interamericano de Direitos Humanos.<\/p>\n<p>Aleida citou a Lei de Servi&ccedil;os de Comunica&ccedil;&atilde;o Audiovisual aprovada na Argentina como um dos avan&ccedil;os. Nesse caso foram postos limites &agrave; concess&atilde;o das frequ&ecirc;ncias, atingindo os grandes conglomerados de m&iacute;dia.<\/p>\n<p>O relat&oacute;rio tamb&eacute;m abordou a participa&ccedil;&atilde;o da sociedade civil, na qual foi observada a forma&ccedil;&atilde;o de grupos que elaboram propostas legislativas alternativas.<\/p>\n<p>A transi&ccedil;&atilde;o para a radiodifus&atilde;o digital foi apontada como um desafio. Esse momento pode significar uma oportunidade para o avan&ccedil;o da diversidade e pluralidade da radiodifus&atilde;o, mas tamb&eacute;m um risco, se n&atilde;o houver mobiliza&ccedil;&atilde;o. O relat&oacute;ria est&aacute; dispon&iacute;vel no site da Amarc.<\/span><\/p>\n","protected":false},"excerpt":{"rendered":"<p>Concentra&ccedil;&atilde;o da posse dos meios de comunica&ccedil;&atilde;o, criminaliza&ccedil;&atilde;o dos ve&iacute;culos comunit&aacute;rios, abuso de poder dos governos na concess&atilde;o de licen&ccedil;as, letargia do legislativo s&atilde;o algumas das conclus&otilde;es apontados pelo relat&oacute;rio. A coordenadora e redatora do relat&oacute;rio, Aleida Calleja, disse em entrevista a ag&ecirc;ncia Adital que a maioria dos pa&iacute;ses da Am&eacute;rica Latina n&atilde;o cumpre com &hellip; <a href=\"https:\/\/obscom.intervozes.org.br\/?p=25494\" class=\"more-link\">Continue lendo <span class=\"screen-reader-text\">AMARC lan\u00e7a relat\u00f3rio &#8220;Diversidade e Pluralidade na Radiodifus\u00e3o 2010\u201d<\/span> <span class=\"meta-nav\">&rarr;<\/span><\/a><\/p>\n","protected":false},"author":1,"featured_media":0,"comment_status":"open","ping_status":"open","sticky":false,"template":"","format":"standard","meta":{"footnotes":""},"categories":[40],"tags":[1513],"_links":{"self":[{"href":"https:\/\/obscom.intervozes.org.br\/index.php?rest_route=\/wp\/v2\/posts\/25494"}],"collection":[{"href":"https:\/\/obscom.intervozes.org.br\/index.php?rest_route=\/wp\/v2\/posts"}],"about":[{"href":"https:\/\/obscom.intervozes.org.br\/index.php?rest_route=\/wp\/v2\/types\/post"}],"author":[{"embeddable":true,"href":"https:\/\/obscom.intervozes.org.br\/index.php?rest_route=\/wp\/v2\/users\/1"}],"replies":[{"embeddable":true,"href":"https:\/\/obscom.intervozes.org.br\/index.php?rest_route=%2Fwp%2Fv2%2Fcomments&post=25494"}],"version-history":[{"count":0,"href":"https:\/\/obscom.intervozes.org.br\/index.php?rest_route=\/wp\/v2\/posts\/25494\/revisions"}],"wp:attachment":[{"href":"https:\/\/obscom.intervozes.org.br\/index.php?rest_route=%2Fwp%2Fv2%2Fmedia&parent=25494"}],"wp:term":[{"taxonomy":"category","embeddable":true,"href":"https:\/\/obscom.intervozes.org.br\/index.php?rest_route=%2Fwp%2Fv2%2Fcategories&post=25494"},{"taxonomy":"post_tag","embeddable":true,"href":"https:\/\/obscom.intervozes.org.br\/index.php?rest_route=%2Fwp%2Fv2%2Ftags&post=25494"}],"curies":[{"name":"wp","href":"https:\/\/api.w.org\/{rel}","templated":true}]}}