{"id":25492,"date":"2011-04-06T16:50:17","date_gmt":"2011-04-06T16:50:17","guid":{"rendered":"https:\/\/obscom.intervozes.org.br\/wordpress\/?p=25492"},"modified":"2011-04-06T16:50:17","modified_gmt":"2011-04-06T16:50:17","slug":"comissao-de-educacao-convoca-audiencia-conjunta-para-discutir-plc-116-no-senado","status":"publish","type":"post","link":"https:\/\/obscom.intervozes.org.br\/?p=25492","title":{"rendered":"Comiss\u00e3o de Educa\u00e7\u00e3o convoca audi\u00eancia conjunta para discutir PLC 116 no Senado"},"content":{"rendered":"<p>Foi aprovado hoje o requerimento do senador Roberto Requi&atilde;o (PMDB\/PR), presidente da Comiss&atilde;o de Educa&ccedil;&atilde;o, Cultura e Esportes do Senado Federal, para a realiza&ccedil;&atilde;o de mais uma audi&euml;ncia p&uacute;blica para discutir o PLC 116, que libera o mercado de TV paga para as operadoras de telecomunica&ccedil;&otilde;es, hoje proibidas, al&eacute;m de proteger a produ&ccedil;&atilde;o audiovisual nacional. Esta audi&ecirc;ncia ser&aacute; em conjunto com as comiss&otilde;es de Ci&ecirc;ncia Tecnologia, Comunica&ccedil;&atilde;o e Inform&aacute;tica; Constitui&ccedil;&atilde;o e Justi&ccedil;a; Assuntos Econ&ocirc;micos; Defesa do Consumidor e Fiscaliza&ccedil;&atilde;o e Controle.<\/p>\n<p>A realiza&ccedil;&atilde;o de audi&ecirc;ncia p&uacute;blica conjunta &eacute; uma tentativa daqueles que querem a aprova&ccedil;&atilde;o mais r&aacute;pida do projeto, pois, teoricamente, haveria tamb&eacute;m uma tramita&ccedil;&atilde;o conjunta. A quest&atilde;o, contudo, &eacute; que cada um dos presidentes dessas comiss&otilde;es argumentam que n&atilde;o abrem m&atilde;o de o projeto ser analisado, individualmente, em sua comiss&atilde;o. O que significa, na pr&aacute;tica, que ele pode nunca mais sair dos escaninhos do Senado Federal. O projeto s&oacute; vai andar se o governo se mexer.<\/p>\n<p>Ainda n&atilde;o foi marcada a data da audi&ecirc;ncia, mas ser&atilde;o convidados os presidentes da Ancine, Anatel, Abert, ABTA, ABPI-TV, ABPTA e SindiTelebrasil. Ou seja, produtores de cinema, operadoras de telecomunica&ccedil;&otilde;es, radiodifusores, representantes dos est&uacute;dios estrangeiros e as ag&ecirc;ncias reguladoras.<\/p>\n","protected":false},"excerpt":{"rendered":"<p>Foi aprovado hoje o requerimento do senador Roberto Requi&atilde;o (PMDB\/PR), presidente da Comiss&atilde;o de Educa&ccedil;&atilde;o, Cultura e Esportes do Senado Federal, para a realiza&ccedil;&atilde;o de mais uma audi&euml;ncia p&uacute;blica para discutir o PLC 116, que libera o mercado de TV paga para as operadoras de telecomunica&ccedil;&otilde;es, hoje proibidas, al&eacute;m de proteger a produ&ccedil;&atilde;o audiovisual nacional. &hellip; <a href=\"https:\/\/obscom.intervozes.org.br\/?p=25492\" class=\"more-link\">Continue lendo <span class=\"screen-reader-text\">Comiss\u00e3o de Educa\u00e7\u00e3o convoca audi\u00eancia conjunta para discutir PLC 116 no Senado<\/span> <span class=\"meta-nav\">&rarr;<\/span><\/a><\/p>\n","protected":false},"author":1,"featured_media":0,"comment_status":"open","ping_status":"open","sticky":false,"template":"","format":"standard","meta":{"footnotes":""},"categories":[39],"tags":[],"_links":{"self":[{"href":"https:\/\/obscom.intervozes.org.br\/index.php?rest_route=\/wp\/v2\/posts\/25492"}],"collection":[{"href":"https:\/\/obscom.intervozes.org.br\/index.php?rest_route=\/wp\/v2\/posts"}],"about":[{"href":"https:\/\/obscom.intervozes.org.br\/index.php?rest_route=\/wp\/v2\/types\/post"}],"author":[{"embeddable":true,"href":"https:\/\/obscom.intervozes.org.br\/index.php?rest_route=\/wp\/v2\/users\/1"}],"replies":[{"embeddable":true,"href":"https:\/\/obscom.intervozes.org.br\/index.php?rest_route=%2Fwp%2Fv2%2Fcomments&post=25492"}],"version-history":[{"count":0,"href":"https:\/\/obscom.intervozes.org.br\/index.php?rest_route=\/wp\/v2\/posts\/25492\/revisions"}],"wp:attachment":[{"href":"https:\/\/obscom.intervozes.org.br\/index.php?rest_route=%2Fwp%2Fv2%2Fmedia&parent=25492"}],"wp:term":[{"taxonomy":"category","embeddable":true,"href":"https:\/\/obscom.intervozes.org.br\/index.php?rest_route=%2Fwp%2Fv2%2Fcategories&post=25492"},{"taxonomy":"post_tag","embeddable":true,"href":"https:\/\/obscom.intervozes.org.br\/index.php?rest_route=%2Fwp%2Fv2%2Ftags&post=25492"}],"curies":[{"name":"wp","href":"https:\/\/api.w.org\/{rel}","templated":true}]}}