{"id":25491,"date":"2011-04-06T16:25:44","date_gmt":"2011-04-06T16:25:44","guid":{"rendered":"https:\/\/obscom.intervozes.org.br\/wordpress\/?p=25491"},"modified":"2011-04-06T16:25:44","modified_gmt":"2011-04-06T16:25:44","slug":"publicado-primeiro-aviso-de-habilitacao-do-plano-nacional-de-outorgas-de-radios-comunitarias","status":"publish","type":"post","link":"https:\/\/obscom.intervozes.org.br\/?p=25491","title":{"rendered":"Publicado primeiro aviso de habilita\u00e7\u00e3o do Plano Nacional de Outorgas de Radios Comunit\u00e1rias"},"content":{"rendered":"<p><span class=\"padrao\">O Minist&eacute;rio das Comunica&ccedil;&otilde;es (MiniCom) publicou nesta quarta-feira (6), no Di&aacute;rio Oficial da Uni&atilde;o (DOU), o primeiro aviso de habilita&ccedil;&atilde;o de r&aacute;dios comunit&aacute;rias do Plano Nacional de Outorgas, lan&ccedil;ado em mar&ccedil;o. O aviso est&aacute; na Se&ccedil;&atilde;o 3 do DOU, p&aacute;gina 92.<\/p>\n<p>Nos pr&oacute;ximos 45 dias, associa&ccedil;&otilde;es e funda&ccedil;&otilde;es comunit&aacute;rias sediadas nos 51 munic&iacute;pios da lista que tenham interesse em montar uma r&aacute;dio comunit&aacute;ria podem enviar a documenta&ccedil;&atilde;o necess&aacute;ria para a Secretaria de Servi&ccedil;os de Comunica&ccedil;&atilde;o Eletr&ocirc;nica do MiniCom. As entidades tamb&eacute;m precisam pagar uma taxa de inscri&ccedil;&atilde;o de R$ 20.<\/p>\n<p>O Plano Nacional de Outorgas de Radcom tem o objetivo de universalizar o servi&ccedil;o, para que cada munic&iacute;pio brasileiro tenha pelo menos uma emissora comunit&aacute;ria. Desde mar&ccedil;o, pode ser visto no <a href=\"http:\/\/www.mc.gov.br\/radio-comunitaria\/aviso-de-habilitacao\/proximos-avisos\">site do MiniCom<\/a>  o calend&aacute;rio de avisos que ser&atilde;o lan&ccedil;ados a cada m&ecirc;s, para que os interessados possam se preparar com anteced&ecirc;ncia.<\/p>\n<p>&ldquo;Nesse aviso de habilita&ccedil;&atilde;o, 50 cidades contempladas n&atilde;o possuem uma r&aacute;dio comunit&aacute;ria. Por decis&atilde;o judicial, foi inclu&iacute;da a cidade de Bossoroca (RS). O aviso tamb&eacute;m priorizou as manifesta&ccedil;&otilde;es de interesse enviadas ao minist&eacute;rio, o atendimento das cidades mais populosas e as macrorregi&otilde;es com menos outorgas&rdquo;, afirma o assessor da Secretaria-Executiva do MiniCom, Oct&aacute;vio Pieranti.<\/p>\n<p>Para acessar a lista de cidades deste primeiro aviso, <a href=\"http:\/\/www.mc.gov.br\/images\/20110406_aviso_32.pdf\">clique aqui<\/a> . Para ler a &iacute;ntegra do aviso de habilita&ccedil;&atilde;o publicado no Di&aacute;rio Oficial, com todas as regras e a lista de documentos, <a href=\"http:\/\/www.in.gov.br\/visualiza\/index.jsp?data=06\/04\/2011&amp;jornal=3&amp;pagina=92&amp;totalArquivos=192\">clique aqui<\/a>.<\/span><\/p>\n","protected":false},"excerpt":{"rendered":"<p>Entidades interessadas em montar uma r&aacute;dio comunit&aacute;ria t&ecirc;m prazo de 45 dias para enviar documenta&ccedil;&atilde;o<\/p>\n","protected":false},"author":1,"featured_media":0,"comment_status":"open","ping_status":"open","sticky":false,"template":"","format":"standard","meta":{"footnotes":""},"categories":[40],"tags":[389],"_links":{"self":[{"href":"https:\/\/obscom.intervozes.org.br\/index.php?rest_route=\/wp\/v2\/posts\/25491"}],"collection":[{"href":"https:\/\/obscom.intervozes.org.br\/index.php?rest_route=\/wp\/v2\/posts"}],"about":[{"href":"https:\/\/obscom.intervozes.org.br\/index.php?rest_route=\/wp\/v2\/types\/post"}],"author":[{"embeddable":true,"href":"https:\/\/obscom.intervozes.org.br\/index.php?rest_route=\/wp\/v2\/users\/1"}],"replies":[{"embeddable":true,"href":"https:\/\/obscom.intervozes.org.br\/index.php?rest_route=%2Fwp%2Fv2%2Fcomments&post=25491"}],"version-history":[{"count":0,"href":"https:\/\/obscom.intervozes.org.br\/index.php?rest_route=\/wp\/v2\/posts\/25491\/revisions"}],"wp:attachment":[{"href":"https:\/\/obscom.intervozes.org.br\/index.php?rest_route=%2Fwp%2Fv2%2Fmedia&parent=25491"}],"wp:term":[{"taxonomy":"category","embeddable":true,"href":"https:\/\/obscom.intervozes.org.br\/index.php?rest_route=%2Fwp%2Fv2%2Fcategories&post=25491"},{"taxonomy":"post_tag","embeddable":true,"href":"https:\/\/obscom.intervozes.org.br\/index.php?rest_route=%2Fwp%2Fv2%2Ftags&post=25491"}],"curies":[{"name":"wp","href":"https:\/\/api.w.org\/{rel}","templated":true}]}}