{"id":25490,"date":"2011-04-06T16:20:53","date_gmt":"2011-04-06T16:20:53","guid":{"rendered":"https:\/\/obscom.intervozes.org.br\/wordpress\/?p=25490"},"modified":"2011-04-06T16:20:53","modified_gmt":"2011-04-06T16:20:53","slug":"ministro-diz-que-nao-havera-agencia-reguladora-especifica-para-radiodifusao","status":"publish","type":"post","link":"https:\/\/obscom.intervozes.org.br\/?p=25490","title":{"rendered":"Ministro diz que n\u00e3o haver\u00e1 ag\u00eancia reguladora espec\u00edfica para radiodifus\u00e3o"},"content":{"rendered":"<p><span class=\"padrao\"><strong>Lara Haje &#8211; C&acirc;mara dos Deputados<\/strong><\/p>\n<p>O ministro das Comunica&ccedil;&otilde;es, Paulo Bernardo, negou que o minist&eacute;rio tivesse a inten&ccedil;&atilde;o de criar uma ag&ecirc;ncia reguladora para o setor de r&aacute;dio e TV. Segundo ele, essa tarefa j&aacute; foi delegada &agrave; Ag&ecirc;ncia Nacional de Telecomunica&ccedil;&otilde;es (Anatel). Em audi&ecirc;ncia p&uacute;blica na Comiss&atilde;o de Ci&ecirc;ncia e Tecnologia, Comunica&ccedil;&atilde;o e Inform&aacute;tica para discutir as prioridades da pasta, o ministro informou que est&aacute; em fase de elabora&ccedil;&atilde;o um plano de fiscaliza&ccedil;&atilde;o para as emissoras, para guiar a atua&ccedil;&atilde;o da Anatel. &ldquo;As san&ccedil;&otilde;es &agrave;s emissoras t&ecirc;m de ser revistas&rdquo;, disse.<\/p>\n<p>A cria&ccedil;&atilde;o de uma ag&ecirc;ncia reguladora para o setor chegou a ser cogitada pelo governo durante as discuss&otilde;es de um novo marco regulat&oacute;rio para o setor de radiodifus&atilde;o (r&aacute;dio e TV aberta), ainda em fase de elabora&ccedil;&atilde;o pelo Poder Executivo. Questionado pelo deputado Sandro Alex (PPS-PR), o ministro descartou a hip&oacute;tese. Paulo Bernardo disse que o novo marco se centrar&aacute; em modernizar a legisla&ccedil;&atilde;o defasada e em regulamentar os artigos da Constitui&ccedil;&atilde;o que tratam da comunica&ccedil;&atilde;o.<\/p>\n<p>O deputado Sandro Alex disse que considera a fiscaliza&ccedil;&atilde;o &quot;pesada&quot; para as emissoras comerciais e &quot;prec&aacute;ria&quot; para as emissoras educativas. &ldquo;As r&aacute;dios educativas, que s&atilde;o muitas vezes utilizadas para fins pol&iacute;ticos, n&atilde;o s&atilde;o fiscalizadas&rdquo;.<\/span><\/p>\n","protected":false},"excerpt":{"rendered":"<p>Lara Haje &#8211; C&acirc;mara dos Deputados O ministro das Comunica&ccedil;&otilde;es, Paulo Bernardo, negou que o minist&eacute;rio tivesse a inten&ccedil;&atilde;o de criar uma ag&ecirc;ncia reguladora para o setor de r&aacute;dio e TV. Segundo ele, essa tarefa j&aacute; foi delegada &agrave; Ag&ecirc;ncia Nacional de Telecomunica&ccedil;&otilde;es (Anatel). Em audi&ecirc;ncia p&uacute;blica na Comiss&atilde;o de Ci&ecirc;ncia e Tecnologia, Comunica&ccedil;&atilde;o e &hellip; <a href=\"https:\/\/obscom.intervozes.org.br\/?p=25490\" class=\"more-link\">Continue lendo <span class=\"screen-reader-text\">Ministro diz que n\u00e3o haver\u00e1 ag\u00eancia reguladora espec\u00edfica para radiodifus\u00e3o<\/span> <span class=\"meta-nav\">&rarr;<\/span><\/a><\/p>\n","protected":false},"author":1,"featured_media":0,"comment_status":"open","ping_status":"open","sticky":false,"template":"","format":"standard","meta":{"footnotes":""},"categories":[39],"tags":[],"_links":{"self":[{"href":"https:\/\/obscom.intervozes.org.br\/index.php?rest_route=\/wp\/v2\/posts\/25490"}],"collection":[{"href":"https:\/\/obscom.intervozes.org.br\/index.php?rest_route=\/wp\/v2\/posts"}],"about":[{"href":"https:\/\/obscom.intervozes.org.br\/index.php?rest_route=\/wp\/v2\/types\/post"}],"author":[{"embeddable":true,"href":"https:\/\/obscom.intervozes.org.br\/index.php?rest_route=\/wp\/v2\/users\/1"}],"replies":[{"embeddable":true,"href":"https:\/\/obscom.intervozes.org.br\/index.php?rest_route=%2Fwp%2Fv2%2Fcomments&post=25490"}],"version-history":[{"count":0,"href":"https:\/\/obscom.intervozes.org.br\/index.php?rest_route=\/wp\/v2\/posts\/25490\/revisions"}],"wp:attachment":[{"href":"https:\/\/obscom.intervozes.org.br\/index.php?rest_route=%2Fwp%2Fv2%2Fmedia&parent=25490"}],"wp:term":[{"taxonomy":"category","embeddable":true,"href":"https:\/\/obscom.intervozes.org.br\/index.php?rest_route=%2Fwp%2Fv2%2Fcategories&post=25490"},{"taxonomy":"post_tag","embeddable":true,"href":"https:\/\/obscom.intervozes.org.br\/index.php?rest_route=%2Fwp%2Fv2%2Ftags&post=25490"}],"curies":[{"name":"wp","href":"https:\/\/api.w.org\/{rel}","templated":true}]}}