{"id":25488,"date":"2011-04-05T15:46:56","date_gmt":"2011-04-05T15:46:56","guid":{"rendered":"https:\/\/obscom.intervozes.org.br\/wordpress\/?p=25488"},"modified":"2011-04-05T15:46:56","modified_gmt":"2011-04-05T15:46:56","slug":"paulo-bernardo-participa-de-audiencia-publica-na-camara","status":"publish","type":"post","link":"https:\/\/obscom.intervozes.org.br\/?p=25488","title":{"rendered":"Paulo Bernardo participa de audi\u00eancia p\u00fablica na C\u00e2mara"},"content":{"rendered":"<p>O ministro das Comunica&ccedil;&otilde;es, Paulo Bernardo, vai &agrave; C&acirc;mara dos Deputados amanh&atilde;, quarta-feira (06), para participar de audi&ecirc;ncia p&uacute;blica na Comiss&atilde;o de Ci&ecirc;ncia e Tecnologia, Comunica&ccedil;&atilde;o e Inform&aacute;tica. Ele ir&aacute; responder &agrave;s perguntas de deputados sobre os projetos priorit&aacute;rios do MiniCom, como o Programa Nacional de Banda Larga.<\/p>\n<p>Tamb&eacute;m estar&atilde;o em pauta assuntos relativos &agrave; moderniza&ccedil;&atilde;o dos processos administrativos do minist&eacute;rio e &agrave; Empresa Brasileira de Correios e Tel&eacute;grafos (ECT). A audi&ecirc;ncia est&aacute; marcada para as 10h, no Plen&aacute;rio 13, da C&acirc;mara dos Deputados. <\/p>\n","protected":false},"excerpt":{"rendered":"<p>O ministro das Comunica&ccedil;&otilde;es, Paulo Bernardo, vai &agrave; C&acirc;mara dos Deputados amanh&atilde;, quarta-feira (06), para participar de audi&ecirc;ncia p&uacute;blica na Comiss&atilde;o de Ci&ecirc;ncia e Tecnologia, Comunica&ccedil;&atilde;o e Inform&aacute;tica. Ele ir&aacute; responder &agrave;s perguntas de deputados sobre os projetos priorit&aacute;rios do MiniCom, como o Programa Nacional de Banda Larga. Tamb&eacute;m estar&atilde;o em pauta assuntos relativos &agrave; &hellip; <a href=\"https:\/\/obscom.intervozes.org.br\/?p=25488\" class=\"more-link\">Continue lendo <span class=\"screen-reader-text\">Paulo Bernardo participa de audi\u00eancia p\u00fablica na C\u00e2mara<\/span> <span class=\"meta-nav\">&rarr;<\/span><\/a><\/p>\n","protected":false},"author":1,"featured_media":0,"comment_status":"open","ping_status":"open","sticky":false,"template":"","format":"standard","meta":{"footnotes":""},"categories":[39],"tags":[],"_links":{"self":[{"href":"https:\/\/obscom.intervozes.org.br\/index.php?rest_route=\/wp\/v2\/posts\/25488"}],"collection":[{"href":"https:\/\/obscom.intervozes.org.br\/index.php?rest_route=\/wp\/v2\/posts"}],"about":[{"href":"https:\/\/obscom.intervozes.org.br\/index.php?rest_route=\/wp\/v2\/types\/post"}],"author":[{"embeddable":true,"href":"https:\/\/obscom.intervozes.org.br\/index.php?rest_route=\/wp\/v2\/users\/1"}],"replies":[{"embeddable":true,"href":"https:\/\/obscom.intervozes.org.br\/index.php?rest_route=%2Fwp%2Fv2%2Fcomments&post=25488"}],"version-history":[{"count":0,"href":"https:\/\/obscom.intervozes.org.br\/index.php?rest_route=\/wp\/v2\/posts\/25488\/revisions"}],"wp:attachment":[{"href":"https:\/\/obscom.intervozes.org.br\/index.php?rest_route=%2Fwp%2Fv2%2Fmedia&parent=25488"}],"wp:term":[{"taxonomy":"category","embeddable":true,"href":"https:\/\/obscom.intervozes.org.br\/index.php?rest_route=%2Fwp%2Fv2%2Fcategories&post=25488"},{"taxonomy":"post_tag","embeddable":true,"href":"https:\/\/obscom.intervozes.org.br\/index.php?rest_route=%2Fwp%2Fv2%2Ftags&post=25488"}],"curies":[{"name":"wp","href":"https:\/\/api.w.org\/{rel}","templated":true}]}}