{"id":25478,"date":"2011-04-01T16:15:46","date_gmt":"2011-04-01T16:15:46","guid":{"rendered":"https:\/\/obscom.intervozes.org.br\/wordpress\/?p=25478"},"modified":"2011-04-01T16:15:46","modified_gmt":"2011-04-01T16:15:46","slug":"frente-pelo-direito-a-comunicacao-sai-do-papel","status":"publish","type":"post","link":"https:\/\/obscom.intervozes.org.br\/?p=25478","title":{"rendered":"Frente pelo direito \u00e0 comunica\u00e7\u00e3o sai do papel"},"content":{"rendered":"<p><span class=\"padrao\">Juliana Sada &#8211; Escrevinhador<\/p>\n<p>Desde o in&iacute;cio de mar&ccedil;o um grupo de parlamentares se articula para debater mudan&ccedil;as na legisla&ccedil;&atilde;o das comunica&ccedil;&otilde;es do Brasil e a constru&ccedil;&atilde;o de um novo marco regulat&oacute;rio para a &aacute;rea. A Frente Parlamentar pela Liberdade de Express&atilde;o e o Direito &agrave; Comunica&ccedil;&atilde;o est&aacute; finalizando a fase de coleta de assinaturas no Congresso para sua instaura&ccedil;&atilde;o e ser&aacute; lan&ccedil;ada no dia 19 de abril, em um ato p&uacute;blico que pretende reunir militantes e movimentos da &aacute;rea, assim como apoiadores da causa.<\/p>\n<p>Para dar impulso aos trabalhos da Frente, alguns deputados do grupo participar&atilde;o de um debate em S&atilde;o Paulo, nesta sexta-feira (01). O tema em discuss&atilde;o ser&aacute; o papel da m&iacute;dia na atualidade e tamb&eacute;m o novo marco regulat&oacute;rio das comunica&ccedil;&otilde;es. Para os parlamentares &eacute; fundamental envolver a sociedade civil no debate e na luta por mudan&ccedil;as positivas no marco regulat&oacute;rio, j&aacute; que a Frente enfrentar&aacute; muitos obst&aacute;culos e opositores em seus trabalhos.&nbsp; Est&atilde;o confirmados os deputados Emiliano Jos&eacute; (PT\/BA), Luiza Erundina (PSB\/SP), Brizola Neto (PDT\/RJ), Jandira Feghali (PCdoB\/RJ) e Ivan Valente (PSOL).<\/p>\n<p>Ap&oacute;s o debate, ocorrer&aacute; o lan&ccedil;amento do livro &ldquo;Jornalismo de campanha e a Constitui&ccedil;&atilde;o de 88&rdquo;, de autoria do deputado Emiliano Jos&eacute;, professor licenciado da Faculdade de Comunica&ccedil;&atilde;o da Universidade Federal da Bahia. A obra &eacute; baseada em sua tese de doutorado, onde o pesquisador analisou o papel da imprensa em desconstruir a Constitui&ccedil;&atilde;o de 88 e apoiar a implementa&ccedil;&atilde;o de um projeto neoliberal.<\/p>\n<p>O debate ocorrer&aacute; hoje, dia primeiro, &agrave;s 19h, no Audit&oacute;rio do Sindicato dos Banc&aacute;rios, que fica na rua S&atilde;o Bento, 413.<\/span><\/p>\n","protected":false},"excerpt":{"rendered":"<p>Juliana Sada &#8211; Escrevinhador Desde o in&iacute;cio de mar&ccedil;o um grupo de parlamentares se articula para debater mudan&ccedil;as na legisla&ccedil;&atilde;o das comunica&ccedil;&otilde;es do Brasil e a constru&ccedil;&atilde;o de um novo marco regulat&oacute;rio para a &aacute;rea. A Frente Parlamentar pela Liberdade de Express&atilde;o e o Direito &agrave; Comunica&ccedil;&atilde;o est&aacute; finalizando a fase de coleta de assinaturas &hellip; <a href=\"https:\/\/obscom.intervozes.org.br\/?p=25478\" class=\"more-link\">Continue lendo <span class=\"screen-reader-text\">Frente pelo direito \u00e0 comunica\u00e7\u00e3o sai do papel<\/span> <span class=\"meta-nav\">&rarr;<\/span><\/a><\/p>\n","protected":false},"author":1,"featured_media":0,"comment_status":"open","ping_status":"open","sticky":false,"template":"","format":"standard","meta":{"footnotes":""},"categories":[39],"tags":[],"_links":{"self":[{"href":"https:\/\/obscom.intervozes.org.br\/index.php?rest_route=\/wp\/v2\/posts\/25478"}],"collection":[{"href":"https:\/\/obscom.intervozes.org.br\/index.php?rest_route=\/wp\/v2\/posts"}],"about":[{"href":"https:\/\/obscom.intervozes.org.br\/index.php?rest_route=\/wp\/v2\/types\/post"}],"author":[{"embeddable":true,"href":"https:\/\/obscom.intervozes.org.br\/index.php?rest_route=\/wp\/v2\/users\/1"}],"replies":[{"embeddable":true,"href":"https:\/\/obscom.intervozes.org.br\/index.php?rest_route=%2Fwp%2Fv2%2Fcomments&post=25478"}],"version-history":[{"count":0,"href":"https:\/\/obscom.intervozes.org.br\/index.php?rest_route=\/wp\/v2\/posts\/25478\/revisions"}],"wp:attachment":[{"href":"https:\/\/obscom.intervozes.org.br\/index.php?rest_route=%2Fwp%2Fv2%2Fmedia&parent=25478"}],"wp:term":[{"taxonomy":"category","embeddable":true,"href":"https:\/\/obscom.intervozes.org.br\/index.php?rest_route=%2Fwp%2Fv2%2Fcategories&post=25478"},{"taxonomy":"post_tag","embeddable":true,"href":"https:\/\/obscom.intervozes.org.br\/index.php?rest_route=%2Fwp%2Fv2%2Ftags&post=25478"}],"curies":[{"name":"wp","href":"https:\/\/api.w.org\/{rel}","templated":true}]}}