{"id":25475,"date":"2011-03-31T16:52:15","date_gmt":"2011-03-31T16:52:15","guid":{"rendered":"https:\/\/obscom.intervozes.org.br\/wordpress\/?p=25475"},"modified":"2011-03-31T16:52:15","modified_gmt":"2011-03-31T16:52:15","slug":"entidades-apontam-forte-concentracao-na-prestacao-de-servico-de-internet","status":"publish","type":"post","link":"https:\/\/obscom.intervozes.org.br\/?p=25475","title":{"rendered":"Entidades apontam forte concentra\u00e7\u00e3o na presta\u00e7\u00e3o de servi\u00e7o de internet"},"content":{"rendered":"<p><span class=\"padrao\">Na ter&ccedil;a-feira, 29, entidades de defesa do consumidor discutiram a concentra&ccedil;&atilde;o do mercado de internet banda larga no Brasil. Durante o debate do semin&aacute;rio realizado pelo Instituto Brasileiro de Defesa do Consumidor (Idec), as entidades debateram como os oligop&oacute;lios das telecomunica&ccedil;&otilde;es contribuem para servi&ccedil;os de internet caros, com baixa qualidade e dificuldades de acesso.<\/p>\n<p>O mercado de internet banda larga no Brasil est&aacute; atualmente concentrado na m&atilde;o de tr&ecirc;s empresas.&nbsp; Juntas, OI-BrT, Telef&ocirc;nica e Net dominam 87,2% do setor enquanto cerca de 2 mil pequenas empresas ocupam os 12,8% restantes. Como resultado da falta de concorr&ecirc;ncia, o brasileiro paga um dos pre&ccedil;os de banda larga mais altos do mundo e a maioria dos munic&iacute;pios tem acesso prec&aacute;rio ao servi&ccedil;o<\/p>\n<p>Segundo pesquisa da Firjan (Federa&ccedil;&atilde;o das Ind&uacute;strias do Estado do Rio de Janeiro),1 Mpbs custa em m&eacute;dia no Brasil R$ 70,85, o s&eacute;timo pre&ccedil;o mais caro do mundo. Para Jo&atilde;o Moura, presidente da Telcomp (Associa&ccedil;&atilde;o Brasileira das Prestadoras de Servi&ccedil;os de Telecomunica&ccedil;&otilde;es), a falta de concorr&ecirc;ncia no setor desestimula a busca por novas tecnologias que diminuam pre&ccedil;os. &ldquo;A quantidade de dinheiro que as empresas investem para melhorar o setor &eacute; muito baixa&rdquo;, argumenta.<\/p>\n<p>Para Rog&eacute;rio Santanna, presidente da Telebr&aacute;s, as empresas de telecomunica&ccedil;&otilde;es est&atilde;o muito mais interessadas no mercado de telefonia, que ainda &eacute; lucrativo. &ldquo;No Jap&atilde;o, o setor de telecomunica&ccedil;&atilde;o est&aacute; voltado para o mercado de transfer&ecirc;ncia de dados. No Brasil, as empresas n&atilde;o querem largar o osso e atravancam a evolu&ccedil;&atilde;o tecnol&oacute;gica&rdquo;, afirma.<\/p>\n<p>A estagna&ccedil;&atilde;o do setor gera dificuldades de acesso. Segundo dados do CETIC (Centro de Estudos sobre Tecnologias da Informa&ccedil;&atilde;o e Comunica&ccedil;&atilde;o), em 2009, enquanto 33% das resid&ecirc;ncias na regi&atilde;o Sudeste t&ecirc;m acesso &agrave; internet, apenas 10% das casas da regi&atilde;o Norte contam com o servi&ccedil;o. Al&eacute;m disso, a varia&ccedil;&atilde;o de pre&ccedil;os tamb&eacute;m &eacute; grande. Segundo a Firjan, o pre&ccedil;o m&eacute;dio do Mpbs em S&atilde;o Paulo &eacute; de R$ 63,33 e, no Amap&aacute;, ele sobe para R$ 429,90, seis vezes maior que a m&eacute;dia nacional.<\/p>\n<p>Entidades da sociedade civil participantes da campanha <em>Banda Larga &eacute; um Direito Seu<\/em> defendem que o servi&ccedil;o de banda larga deve ser prestado em regime p&uacute;blico, o mesmo da telefonia fixa. &ldquo;O regime p&uacute;blico implica em um reconhecimento do Estado de que a banda larga &eacute; um servi&ccedil;o essencial&rdquo;, explica Jo&atilde;o Brant, coordenador do Intervozes. &ldquo;Nesse regime, o Estado &eacute; obrigado a garantir universaliza&ccedil;&atilde;o do acesso, pre&ccedil;os acess&iacute;veis e continuidade dos servi&ccedil;os&rdquo;, complementa a advogada Veridiana Alimonti, do Idec.<\/p>\n<p>Para Jo&atilde;o Moura, uma das sa&iacute;das para dinamizar o setor &eacute; a revis&atilde;o da regula&ccedil;&atilde;o da EILD (explora&ccedil;&atilde;o industrial de linha delicada), um sistema em que as grandes empresas &ldquo;emprestam&rdquo; suas redes para as menores. &ldquo;&Eacute; uma maneira de permitir a exist&ecirc;ncia de pequenos provedores e garantir a diversidade do mercado&rdquo;, explica o presidente da Telcomp. &ldquo;Atualmente, os pre&ccedil;os de EILD s&atilde;o altos e as empresas pequenas t&ecirc;m pouco poder de negocia&ccedil;&atilde;o frente &agrave;s grandes&rdquo;, comenta.<\/p>\n<p>Cabe &agrave; Anatel (Ag&ecirc;ncia Nacional de Telecomunica&ccedil;&otilde;es) regular o setor para impedir a forma&ccedil;&atilde;o de oligop&oacute;lios. Em abril, a Ag&ecirc;ncia deve abrir consulta p&uacute;blica sobre o Plano Geral de Metas de Competi&ccedil;&atilde;o (PGMC). O plano estabelecer&aacute; medidas para diminuir a concentra&ccedil;&atilde;o das redes de transmiss&atilde;o de dados.<\/span><\/p>\n<p>&nbsp;<\/p>\n","protected":false},"excerpt":{"rendered":"<p>Tr&ecirc;s empresas dominam quase 90% do mercado de banda larga oferecendo servi&ccedil;o classficado como caro, ruim e pouco acess&iacute;vel<\/p>\n","protected":false},"author":1,"featured_media":0,"comment_status":"open","ping_status":"open","sticky":false,"template":"","format":"standard","meta":{"footnotes":""},"categories":[40],"tags":[1510],"_links":{"self":[{"href":"https:\/\/obscom.intervozes.org.br\/index.php?rest_route=\/wp\/v2\/posts\/25475"}],"collection":[{"href":"https:\/\/obscom.intervozes.org.br\/index.php?rest_route=\/wp\/v2\/posts"}],"about":[{"href":"https:\/\/obscom.intervozes.org.br\/index.php?rest_route=\/wp\/v2\/types\/post"}],"author":[{"embeddable":true,"href":"https:\/\/obscom.intervozes.org.br\/index.php?rest_route=\/wp\/v2\/users\/1"}],"replies":[{"embeddable":true,"href":"https:\/\/obscom.intervozes.org.br\/index.php?rest_route=%2Fwp%2Fv2%2Fcomments&post=25475"}],"version-history":[{"count":0,"href":"https:\/\/obscom.intervozes.org.br\/index.php?rest_route=\/wp\/v2\/posts\/25475\/revisions"}],"wp:attachment":[{"href":"https:\/\/obscom.intervozes.org.br\/index.php?rest_route=%2Fwp%2Fv2%2Fmedia&parent=25475"}],"wp:term":[{"taxonomy":"category","embeddable":true,"href":"https:\/\/obscom.intervozes.org.br\/index.php?rest_route=%2Fwp%2Fv2%2Fcategories&post=25475"},{"taxonomy":"post_tag","embeddable":true,"href":"https:\/\/obscom.intervozes.org.br\/index.php?rest_route=%2Fwp%2Fv2%2Ftags&post=25475"}],"curies":[{"name":"wp","href":"https:\/\/api.w.org\/{rel}","templated":true}]}}