{"id":25474,"date":"2011-03-31T16:22:18","date_gmt":"2011-03-31T16:22:18","guid":{"rendered":"https:\/\/obscom.intervozes.org.br\/wordpress\/?p=25474"},"modified":"2011-03-31T16:22:18","modified_gmt":"2011-03-31T16:22:18","slug":"os-retrocessos-da-politica-de-comunicacao-do-para","status":"publish","type":"post","link":"https:\/\/obscom.intervozes.org.br\/?p=25474","title":{"rendered":"Os retrocessos da pol\u00edtica de comunica\u00e7\u00e3o do Par\u00e1"},"content":{"rendered":"<p class=\"padrao\">Em dezembro de 2009, o Brasil viveu um momento hist&oacute;rico: acontecia a primeira Confer&ecirc;ncia Nacional de Comunica&ccedil;&atilde;o, capitaneada pelo Governo Federal.<\/p>\n<p class=\"padrao\">Demanda hist&oacute;rica da sociedade civil que defende a democratiza&ccedil;&atilde;o da comunica&ccedil;&atilde;o, e mesmo com suas atipicidades, a I Confecom foi um momento marcante, onde a comunica&ccedil;&atilde;o ganhava relev&acirc;ncia e ocupava de maneira institucionalizada as pautas pol&iacute;ticas dos estados e do pa&iacute;s.<\/p>\n<p class=\"padrao\">Quando foi anunciada pelo presidente Lula, durante o F&oacute;rum Social Mundial que aconteceu em janeiro de 2009 em Bel&eacute;m, todos da sociedade civil brasileira j&aacute; aguardavam os comportamentos dos estados para a convoca&ccedil;&atilde;o das etapas estaduais.<\/p>\n<p class=\"padrao\">Em abril de 2009, saiu o decreto que convocava oficialmente a I Confer&ecirc;ncia Nacional de Comunica&ccedil;&atilde;o, e colocava aos poderes executivos dos estados a convoca&ccedil;&atilde;o das etapas estaduais.<\/p>\n<p class=\"padrao\">&Eacute; importante ressaltar que mesmo antes de Lula anunciar a Confecom durante o F&oacute;rum Social Mundial, o governo do Par&aacute;, atrav&eacute;s da Secom &ndash; Secretaria de Comunica&ccedil;&atilde;o, j&aacute; fazia o debate sobre a Confer&ecirc;ncia de Comunica&ccedil;&atilde;o. A Diretoria de Comunica&ccedil;&atilde;o Popular da rec&eacute;m criada Secretaria j&aacute; tinha a preocupa&ccedil;&atilde;o de debater com a sociedade uma pol&iacute;tica de comunica&ccedil;&atilde;o tanto para o estado quanto para pa&iacute;s.<\/p>\n<p class=\"padrao\">At&eacute; o final do prazo para a convoca&ccedil;&atilde;o da realiza&ccedil;&atilde;o das etapas estaduais, apenas o governo do Par&aacute; havia convocado oficialmente a sociedade civil para debater os rumos da comunica&ccedil;&atilde;o no Brasil. No estado de S&atilde;o Paulo por exemplo, governado pelo PSDB, a etapa estadual foi convocada pela Assembleia Legislativa.<\/p>\n<p class=\"padrao\">Durante todo o ano de 2009, todos estavam voltados para o debate sobre a comunica&ccedil;&atilde;o. E a cria&ccedil;&atilde;o da Secom veio fortalecer a proposta, j&aacute; encabe&ccedil;ada a tempos pelo governo federal, de cria&ccedil;&atilde;o de uma pol&iacute;tica de comunica&ccedil;&atilde;o para o estado do par&aacute; e fortalecer o debate que j&aacute; acontecia no Brasil, com ampla participa&ccedil;&atilde;o da sociedade.<\/p>\n<p class=\"padrao\">Pois bem&#8230;.Depois de todo esse ac&uacute;mulo, o que temos hoje? J&aacute; se passam cerca de 90 dias de governo no Par&aacute; e n&atilde;o se tem nenhuma manifesta&ccedil;&atilde;o sobre o assunto.<\/p>\n<p class=\"padrao\">At&eacute; o momento, o atual secret&aacute;rio e sua diretoria n&atilde;o se manifestaram sobre as resolu&ccedil;&otilde;es tiradas na Confer&ecirc;ncia Estadual de Comunica&ccedil;&atilde;o, muito menos sobre a possibilidade de cria&ccedil;&atilde;o de um grupo para discutir o Conselho Estadual de Comunica&ccedil;&atilde;o.<\/p>\n<p class=\"padrao\">Observa-se a Secom-Pa completamente desconectada dos debates sobre a pol&iacute;tica de comunica&ccedil;&atilde;o brasileira. Isso reflete um retrocesso na pol&iacute;tica de comunica&ccedil;&atilde;o no Par&aacute;.<\/p>\n<p class=\"padrao\">Creio que a atual gest&atilde;o ainda n&atilde;o compreendeu o real papel da Secretaria de Comunica&ccedil;&atilde;o. Ou ent&atilde;o, tenta desvi&aacute;-la da sua principal finalidade. A&ccedil;&otilde;es como a expans&atilde;o do sinal da da TV Cultura (que diga-se de passagem, foi a &uacute;nica proposta de uma TV P&uacute;blica estadual aprovada em GT na Confer&ecirc;ncia Nacional), a retomada da R&aacute;dio Cultura OT, o NavegaPar&aacute;, o fortalecimento do di&aacute;logo com a sociedade, a cria&ccedil;&atilde;o do Conselho Curador da Funtelpa, etc&#8230;N&atilde;o podem ser simplesmente abandonadas.<\/p>\n<p class=\"padrao\">Ao mesmo tempo, observa-se uma aus&ecirc;ncia do Par&aacute; nos principais debates sobre a comunica&ccedil;&atilde;o que afloram no Brasil tais como a nova Lei do FUST &ndash; Fundo de Universaliza&ccedil;&atilde;o do Sistema de Telecomunica&ccedil;&otilde;es, o PNBL &ndash; Plano Nacional de Banda Larga, o novo marco regulat&oacute;rio para a comunica&ccedil;&atilde;o no Brasil, e as concep&ccedil;&otilde;es e premissas do sistema p&uacute;blico de comunica&ccedil;&atilde;o.<\/p>\n<p class=\"padrao\">&Eacute; inadmiss&iacute;vel o retrocesso dos avan&ccedil;os alcan&ccedil;ados nesta &aacute;rea at&eacute; aqui. Cabe &agrave; sociedade ficar atenta e n&atilde;o deixar cair no esquecimento todo o avan&ccedil;o que o estado do Par&aacute; teve na &aacute;rea da pol&iacute;tica de comunica&ccedil;&atilde;o.<\/p>\n<p><strong><em><br \/>Marcos Urup&aacute;<\/em> &eacute; jornalista, advogado e associado do Intervozes &ndash; Coletivo Brasil de Comunica&ccedil;&atilde;o Social<\/strong><\/p>\n","protected":false},"excerpt":{"rendered":"<p>Atual governo do Par&aacute; ignora resolu&ccedil;&otilde;es da Confecom e pouco se manifesta sobre o tema depois do rico processo de constru&ccedil;&atilde;o da confer&ecirc;ncia em 2009<\/p>\n","protected":false},"author":1,"featured_media":0,"comment_status":"open","ping_status":"open","sticky":false,"template":"","format":"standard","meta":{"footnotes":""},"categories":[42],"tags":[363],"_links":{"self":[{"href":"https:\/\/obscom.intervozes.org.br\/index.php?rest_route=\/wp\/v2\/posts\/25474"}],"collection":[{"href":"https:\/\/obscom.intervozes.org.br\/index.php?rest_route=\/wp\/v2\/posts"}],"about":[{"href":"https:\/\/obscom.intervozes.org.br\/index.php?rest_route=\/wp\/v2\/types\/post"}],"author":[{"embeddable":true,"href":"https:\/\/obscom.intervozes.org.br\/index.php?rest_route=\/wp\/v2\/users\/1"}],"replies":[{"embeddable":true,"href":"https:\/\/obscom.intervozes.org.br\/index.php?rest_route=%2Fwp%2Fv2%2Fcomments&post=25474"}],"version-history":[{"count":0,"href":"https:\/\/obscom.intervozes.org.br\/index.php?rest_route=\/wp\/v2\/posts\/25474\/revisions"}],"wp:attachment":[{"href":"https:\/\/obscom.intervozes.org.br\/index.php?rest_route=%2Fwp%2Fv2%2Fmedia&parent=25474"}],"wp:term":[{"taxonomy":"category","embeddable":true,"href":"https:\/\/obscom.intervozes.org.br\/index.php?rest_route=%2Fwp%2Fv2%2Fcategories&post=25474"},{"taxonomy":"post_tag","embeddable":true,"href":"https:\/\/obscom.intervozes.org.br\/index.php?rest_route=%2Fwp%2Fv2%2Ftags&post=25474"}],"curies":[{"name":"wp","href":"https:\/\/api.w.org\/{rel}","templated":true}]}}