{"id":25472,"date":"2011-03-30T10:41:23","date_gmt":"2011-03-30T10:41:23","guid":{"rendered":"https:\/\/obscom.intervozes.org.br\/wordpress\/?p=25472"},"modified":"2011-03-30T10:41:23","modified_gmt":"2011-03-30T10:41:23","slug":"plano-de-politica-industrial-para-telecomunicacoes-sera-anunciado-dentro-de-40-dias","status":"publish","type":"post","link":"https:\/\/obscom.intervozes.org.br\/?p=25472","title":{"rendered":"Plano de pol\u00edtica industrial para telecomunica\u00e7\u00f5es ser\u00e1 anunciado dentro de 40 dias"},"content":{"rendered":"<p><span class=\"padrao\">O governo federal deve anunciar dentro de 40 dias seu plano de pol&iacute;tica industrial, que incluir&aacute; diversas medidas para o setor de telecomunica&ccedil;&otilde;es, informou o ministro das Comunica&ccedil;&otilde;es, Paulo Bernardo, em visita ao Rio de Janeiro, nesta segunda-feira, 28.<\/p>\n<p>O ministro preferiu n&atilde;o adiantar muitos detalhes, porque o plano ainda n&atilde;o est&aacute; fechado e envolve outros minist&eacute;rios, como o da Fazenda e o de Desenvolvimento, Ind&uacute;stria e Com&eacute;rcio, al&eacute;m do BNDES e da Finep. Bernardo informou que entre as medidas haver&aacute; algumas de apoio ao cr&eacute;dito e de redu&ccedil;&atilde;o de tributos. Uma novidade que &eacute; dada como praticamente certa &eacute; a desonera&ccedil;&atilde;o de PIS e Cofins na produ&ccedil;&atilde;o de tablets no Pa&iacute;s, que seria um pedido da pr&oacute;pria presidenta Dilma Rousseff. Quanto &agrave; redu&ccedil;&atilde;o do ICMS para banda larga, o assunto ser&aacute; levado pelo governo federal ao Confaz.<\/p>\n<p>A atra&ccedil;&atilde;o de data centers para o Pa&iacute;s tamb&eacute;m est&aacute; na pauta de discuss&otilde;es dentro do Minicom, disse Bernardo.<\/p>\n<p><strong>Banda larga<\/strong><\/p>\n<p>O ministro se mostrou confiante quanto &agrave; negocia&ccedil;&atilde;o de pre&ccedil;os mais baixos de banda larga com as concession&aacute;rias, como parte do Plano Geral de Metas de Universaliza&ccedil;&atilde;o (PGMU III), que ser&aacute; anunciado em breve. As conversas devem ser conclu&iacute;das at&eacute; o final de abril, prev&ecirc; Bernardo. &quot;Os pre&ccedil;os v&atilde;o baixar, podem botar na manchete&quot;, disse.<\/p>\n<p><strong>Telebr&aacute;s<\/strong><\/p>\n<p>Bernardo confirmou que o Minicom recebeu o pedido da Telebr&aacute;s para uso da faixa de 450 MHz e disse que o assunto ser&aacute; analisado internamente. O envio da solicita&ccedil;&atilde;o foi noticiado por TELETIME News na semana passada.<\/span><\/p>\n","protected":false},"excerpt":{"rendered":"<p>O governo federal deve anunciar dentro de 40 dias seu plano de pol&iacute;tica industrial, que incluir&aacute; diversas medidas para o setor de telecomunica&ccedil;&otilde;es, informou o ministro das Comunica&ccedil;&otilde;es, Paulo Bernardo, em visita ao Rio de Janeiro, nesta segunda-feira, 28. O ministro preferiu n&atilde;o adiantar muitos detalhes, porque o plano ainda n&atilde;o est&aacute; fechado e envolve &hellip; <a href=\"https:\/\/obscom.intervozes.org.br\/?p=25472\" class=\"more-link\">Continue lendo <span class=\"screen-reader-text\">Plano de pol\u00edtica industrial para telecomunica\u00e7\u00f5es ser\u00e1 anunciado dentro de 40 dias<\/span> <span class=\"meta-nav\">&rarr;<\/span><\/a><\/p>\n","protected":false},"author":1,"featured_media":0,"comment_status":"open","ping_status":"open","sticky":false,"template":"","format":"standard","meta":{"footnotes":""},"categories":[40],"tags":[977],"_links":{"self":[{"href":"https:\/\/obscom.intervozes.org.br\/index.php?rest_route=\/wp\/v2\/posts\/25472"}],"collection":[{"href":"https:\/\/obscom.intervozes.org.br\/index.php?rest_route=\/wp\/v2\/posts"}],"about":[{"href":"https:\/\/obscom.intervozes.org.br\/index.php?rest_route=\/wp\/v2\/types\/post"}],"author":[{"embeddable":true,"href":"https:\/\/obscom.intervozes.org.br\/index.php?rest_route=\/wp\/v2\/users\/1"}],"replies":[{"embeddable":true,"href":"https:\/\/obscom.intervozes.org.br\/index.php?rest_route=%2Fwp%2Fv2%2Fcomments&post=25472"}],"version-history":[{"count":0,"href":"https:\/\/obscom.intervozes.org.br\/index.php?rest_route=\/wp\/v2\/posts\/25472\/revisions"}],"wp:attachment":[{"href":"https:\/\/obscom.intervozes.org.br\/index.php?rest_route=%2Fwp%2Fv2%2Fmedia&parent=25472"}],"wp:term":[{"taxonomy":"category","embeddable":true,"href":"https:\/\/obscom.intervozes.org.br\/index.php?rest_route=%2Fwp%2Fv2%2Fcategories&post=25472"},{"taxonomy":"post_tag","embeddable":true,"href":"https:\/\/obscom.intervozes.org.br\/index.php?rest_route=%2Fwp%2Fv2%2Ftags&post=25472"}],"curies":[{"name":"wp","href":"https:\/\/api.w.org\/{rel}","templated":true}]}}