{"id":25469,"date":"2011-03-29T17:07:43","date_gmt":"2011-03-29T17:07:43","guid":{"rendered":"https:\/\/obscom.intervozes.org.br\/wordpress\/?p=25469"},"modified":"2011-03-29T17:07:43","modified_gmt":"2011-03-29T17:07:43","slug":"anatel-propoe-troca-de-gastos-na-alimentacao-pelo-telefone-fixo","status":"publish","type":"post","link":"https:\/\/obscom.intervozes.org.br\/?p=25469","title":{"rendered":"Anatel prop\u00f5e &#8220;troca&#8221; de gastos na alimenta\u00e7\u00e3o pelo telefone fixo"},"content":{"rendered":"<p><span class=\"padrao\">A Ag&ecirc;ncia Nacional de Telecomunica&ccedil;&otilde;es (Anatel) espera que as 12,9 milh&otilde;es de fam&iacute;lias cadastradas no Programa Bolsa Fam&iacute;lia encampem a proposta de gastar R$ 13,31 por m&ecirc;s para ter acesso ao telefone social, denominado Acesso Individual Classe Especial (Aice). A sugest&atilde;o est&aacute; em Consulta P&uacute;blica at&eacute; o dia 1&ordm; de abril, e tem como regra que somente os benefici&aacute;rios do Bolsa Fam&iacute;lia podem ter acesso ao AICE.<\/p>\n<p>Segundo dados do Minist&eacute;rio do Desenvolvimento Social e Combate &agrave; Fome (MDS), esses usu&aacute;rios est&atilde;o na linha de pobreza, t&ecirc;m renda mensal m&eacute;dia per capita de R$ 72,42 e um padr&atilde;o de quatro membros na fam&iacute;lia. Dessa forma, o valor do AICE representa 4,7% do or&ccedil;amento mensal de um fam&iacute;lia benefici&aacute;ria do BPF.<\/p>\n<p>A diretora do Cadastro &Uacute;nico do MDS, Let&iacute;cia Bartholo, acha positivo qualquer programa que represente uma amplia&ccedil;&atilde;o de oportunidades e comparou o AICE a tarifa social de energia el&eacute;trica, que consumia at&eacute; 40% da renda dos benefici&aacute;rios. Perguntada dos impactos que o est&iacute;mulo ao telefone social representa por ser um aditivo na renda &#8211; na eletricidade &eacute; redu&ccedil;&atilde;o -, Bartholo n&atilde;o enxergou problema, porque n&atilde;o &eacute; compuls&oacute;rio.<\/p>\n<p>Conforme aponta o levantamento do Instituto Brasileiro de An&aacute;lises Sociais e Econ&ocirc;micas (Ibase), os servi&ccedil;os de telecomunica&ccedil;&otilde;es e eletroeletr&ocirc;nicos se quer s&atilde;o mencionados entre os tr&ecirc;s gastos priorit&aacute;rios dos cadastrados no Programa. Nessa pesquisa somente 6% costumam destacar recursos para energia el&eacute;trica, por exemplo, a maioria investe na alimenta&ccedil;&atilde;o (87%), material escolar (46%), vestu&aacute;rio (37%) e rem&eacute;dios (22%).<\/p>\n<p>O presidente da Federa&ccedil;&atilde;o Interestadual dos Trabalhadores em Telecomunica&ccedil;&otilde;es (Fittel), Br&iacute;gido Ramos, acha muito &quot;dif&iacute;cil&quot; o AICE pegar: &quot;N&atilde;o d&aacute; pra trocar as condi&ccedil;&otilde;es minimas de vida pelo telefone&quot;. Ramos alega n&atilde;o ter conhecimento de nenhum plano de inclus&atilde;o de telefonia nos moldes propostos que tenha funcionado:&quot;N&atilde;o conhe&ccedil;o nenhum lugar do mundo que isso deu certo&quot;. A solu&ccedil;&atilde;o para esse segmento da popula&ccedil;&atilde;o &eacute; o est&iacute;mulo ao acesso coletivo, o popular &quot;orelh&atilde;o&quot;, nas palavras do presidente da Fittel.<\/p>\n<p>Por&eacute;m uma das contrapartidas para o investimento no novo AICE pelas operadoras &eacute; a redu&ccedil;&atilde;o dos Telefones de Uso P&uacute;blico (TUPs) de 6 para 4,5 por 1000 hab, conforme proposta da Ag&ecirc;ncia no 3&ordm; Plano Geral de Metas e Universaliza&ccedil;&atilde;o (PGMU III). A operadoras tamb&eacute;m reclamam que as obriga&ccedil;&otilde;es de instalar os &quot;orelh&otilde;es&quot; em institui&ccedil;&otilde;es p&uacute;blicas desequilibram suas contas no plano.<\/p>\n<p>Fl&aacute;via Lef&egrave;vre, advogada da Proteste, Associa&ccedil;&atilde;o Brasileira de Defesa do Consumidor, bate na tecla que o AICE n&atilde;o tem apelo comercial pelo fato desse status social j&aacute; utilizar o telefone m&oacute;vel pr&eacute;-pago com uma m&eacute;dia de recarga mensal na casa dos R$ 5,00. A Proteste reivindica o retorno da metas dos TUPs e tamb&eacute;m aponta que &eacute; o AICE &eacute; ilegal por natureza, por ser uma oferta discriminat&oacute;ria.<\/p>\n<p><strong>Assinatura b&aacute;sica<\/strong><\/p>\n<p>J&aacute; o Instituto de Defesa do Consumidor (Idec) prefere enfatizar que o ideal era o fim da assinatura b&aacute;sica que est&aacute; na casa dos R$ 40,00. Veridiana Alimonti, advogada do instituto, alega que a assinatura &eacute; a principal respons&aacute;vel pela dificuldade de universalizar o telefone fixo. Para Alimonti o AICE, al&eacute;m das dificuldades para ser implementado, perpetua o quadro no qual parcela significativa da popula&ccedil;&atilde;o n&atilde;o ter&aacute; condi&ccedil;&otilde;es de obter o servi&ccedil;o.<\/p>\n<p>Durante Audi&ecirc;ncia P&uacute;blica em Salvador no &uacute;ltimo 22 de mar&ccedil;o, o representante da Anatel, Eduardo Jacomassi, explanou ser contr&aacute;rio ao fim da assinatura b&aacute;sica, sob alega&ccedil;&atilde;o de que a taxa &eacute; respons&aacute;vel pela manuten&ccedil;&atilde;o da infraestrutura. O Supremo Tribunal Federal (STJ) j&aacute; barrou o fim da assinatura b&aacute;sica, inclusive as iniciativas oriundas dos Projetos de Lei das Assembleias Legislativas Estaduais que visavam o t&eacute;rmino da taxa.<\/p>\n<p><strong>ICMS<\/strong><\/p>\n<p>Jacomassi relatou que a pretens&atilde;o &eacute; diminuir a assinatura do AICE para R$ 9,50, caso os governos estaduais topem retirar o Imposto de Circula&ccedil;&atilde;o de Mercadoria e Servi&ccedil;os (ICMS). A justificativa utilizada &eacute; que os governos n&atilde;o v&atilde;o ter qualquer preju&iacute;zo, pois o usu&aacute;rio do AICE n&atilde;o tem condi&ccedil;&otilde;es de ter os planos atuais e consequentemente n&atilde;o geram arrecada&ccedil;&atilde;o aos governos. O argumento &eacute; o mesmo para retirar o ICMS da banda larga, por isso a Ag&ecirc;ncia pretende fazer a negocia&ccedil;&atilde;o de ambos num mesmo pacote junto ao Conselho Nacional de Pol&iacute;tica Fazend&aacute;ria (Confaz), explicou Jacomassi.<\/p>\n<p>O AICE tamb&eacute;m permitir&aacute; que os cadastrados tenham acesso a internet discada com velocidade 68 kbps, incompat&iacute;vel para fun&ccedil;&otilde;es b&aacute;sicas atuais como ouvir m&uacute;sicas ou assistir v&iacute;deos em tempo real. Caso o usu&aacute;rio na linha de pobreza possua um computador para acessar a internet, o AICE ter&aacute; o &quot;pulso &uacute;nico&quot;, ou seja, modula&ccedil;&atilde;o hor&aacute;ria que permite liga&ccedil;&otilde;es com valor fixo por chamada, de segunda a sexta-feira (da 0h &agrave;s 6h), aos s&aacute;bados (da 0h &agrave;s 6h e das 14h &agrave;s 24h) e aos domingos e feriados nacionais (da 0h &agrave;s 24h).<\/p>\n<p>Outros pontos da proposta s&atilde;o a franquia de 90 minutos, funcionalidade para localidades com mais de 300 habitantes e a taxa de instala&ccedil;&atilde;o que pode chegar a R$ 100 nas cidades mais distantes. Na Consulta P&uacute;blica a Anatel relatou que o AICE, se for instalado para todos os benefici&aacute;rios, exigir&aacute; aumento de 10% da infraestrutura, a parte restante j&aacute; est&aacute; instalada.<\/p>\n<p><strong>Revis&atilde;o<\/strong><\/p>\n<p>Atualmente apenas 300 mil contratos em vigor no pa&iacute;s utilizam o AICE, que custa R$ 24,00 e foi lan&ccedil;ado em 2006. O fracasso repercute diretamente nos n&uacute;meros de usu&aacute;rios do Servi&ccedil;o de Telefonia Fixa Comutada (STFC) que n&atilde;o passa de 22 acesos por cada 100 habitantes no Brasil. No PGMU III ser&aacute; enviado um decreto especifico para o AICE.<\/span><\/p>\n<p>&nbsp;<\/p>\n<p>&nbsp;<\/p>\n","protected":false},"excerpt":{"rendered":"<p>Consulta p&uacute;blica para determinar o funcionamento do <span class=\"padrao\">telefone social est&aacute; aberta at&eacute; o dia 1&deg; de abril<\/span><\/p>\n","protected":false},"author":1,"featured_media":0,"comment_status":"open","ping_status":"open","sticky":false,"template":"","format":"standard","meta":{"footnotes":""},"categories":[40],"tags":[1508],"_links":{"self":[{"href":"https:\/\/obscom.intervozes.org.br\/index.php?rest_route=\/wp\/v2\/posts\/25469"}],"collection":[{"href":"https:\/\/obscom.intervozes.org.br\/index.php?rest_route=\/wp\/v2\/posts"}],"about":[{"href":"https:\/\/obscom.intervozes.org.br\/index.php?rest_route=\/wp\/v2\/types\/post"}],"author":[{"embeddable":true,"href":"https:\/\/obscom.intervozes.org.br\/index.php?rest_route=\/wp\/v2\/users\/1"}],"replies":[{"embeddable":true,"href":"https:\/\/obscom.intervozes.org.br\/index.php?rest_route=%2Fwp%2Fv2%2Fcomments&post=25469"}],"version-history":[{"count":0,"href":"https:\/\/obscom.intervozes.org.br\/index.php?rest_route=\/wp\/v2\/posts\/25469\/revisions"}],"wp:attachment":[{"href":"https:\/\/obscom.intervozes.org.br\/index.php?rest_route=%2Fwp%2Fv2%2Fmedia&parent=25469"}],"wp:term":[{"taxonomy":"category","embeddable":true,"href":"https:\/\/obscom.intervozes.org.br\/index.php?rest_route=%2Fwp%2Fv2%2Fcategories&post=25469"},{"taxonomy":"post_tag","embeddable":true,"href":"https:\/\/obscom.intervozes.org.br\/index.php?rest_route=%2Fwp%2Fv2%2Ftags&post=25469"}],"curies":[{"name":"wp","href":"https:\/\/api.w.org\/{rel}","templated":true}]}}