{"id":25467,"date":"2011-03-29T14:38:20","date_gmt":"2011-03-29T14:38:20","guid":{"rendered":"https:\/\/obscom.intervozes.org.br\/wordpress\/?p=25467"},"modified":"2011-03-29T14:38:20","modified_gmt":"2011-03-29T14:38:20","slug":"comercio-ilegal-de-radio-e-tv-funciona-sem-repressao","status":"publish","type":"post","link":"https:\/\/obscom.intervozes.org.br\/?p=25467","title":{"rendered":"Com\u00e9rcio ilegal de r\u00e1dio e TV funciona sem repress\u00e3o"},"content":{"rendered":"<p><span class=\"padrao\">No rastro das licita&ccedil;&otilde;es de venda de concess&otilde;es de r&aacute;dio e TV surgiu um mercado ilegal de emissoras que o governo, reconhecidamente, n&atilde;o reprime.<\/p>\n<p>Concess&otilde;es rec&eacute;m-aprovadas pelo governo est&atilde;o &agrave; venda abertamente em sites especializados na internet, contrariando a lei.<\/p>\n<p>A legisla&ccedil;&atilde;o s&oacute; permite a transfer&ecirc;ncia de controle de emissoras depois de cinco anos em funcionamento, e ainda assim com autoriza&ccedil;&atilde;o do governo e do Congresso, que aprova cada concess&atilde;o.<\/p>\n<p>Antes do prazo, s&oacute; &eacute; permitida a transfer&ecirc;ncia de 50% das cotas. Mas as concess&otilde;es mudam de m&atilde;os por contratos de gaveta.<\/p>\n<p>O secret&aacute;rio de Servi&ccedil;os de Comunica&ccedil;&atilde;o Eletr&ocirc;nica do Minist&eacute;rio das Comunica&ccedil;&otilde;es, Genildo Lins de Albuquerque Neto, reconhece que n&atilde;o tem meios para coibir o com&eacute;rcio ilegal.<\/p>\n<p>Segundo ele, os contratos de gaveta devem ser investigados por Pol&iacute;cia Federal e Minist&eacute;rio P&uacute;blico, assim como o uso de laranjas para a compra de concess&otilde;es.<\/p>\n<p>Como a Folha revelou ontem, os laranjas s&atilde;o usados para camuflar os reais donos de ve&iacute;culos de comunica&ccedil;&atilde;o -em geral especuladores, pol&iacute;ticos e igrejas.<\/span><\/p>\n<p>&nbsp;<\/p>\n<p><span class=\"padrao\">Apar&ecirc;ncia legal<\/p>\n<p>A Folha apurou que igrejas s&atilde;o os principais clientes desse mercado. Elas adquirem principalmente r&aacute;dios em sites que trazem links do Minist&eacute;rio das Comunica&ccedil;&otilde;es e da Anatel para dar apar&ecirc;ncia de legalidade.<\/p>\n<p>O site Radiodifus&atilde;o &amp; Neg&oacute;cios, por exemplo, anuncia a venda de uma r&aacute;dio FM &quot;por montar&quot; em S&atilde;o Paulo por R$ 4,8 milh&otilde;es.<\/p>\n<p>Emissoras educativas e retransmissoras de TV, distribu&iacute;das gratuitamente, tamb&eacute;m est&atilde;o &agrave; venda em outros sites e por corretores aut&ocirc;nomos. Os pre&ccedil;os variam de acordo com o local.<\/p>\n<p>A venda &eacute; feita por meio de um contrato de transfer&ecirc;ncia imediata de 50% do capital da empresa, e de direito de op&ccedil;&atilde;o sobre os 50% restantes. Assim, o vendedor n&atilde;o pode recuar do compromisso com o comprador.<\/p>\n<p>Simultaneamente, o comprador recebe uma procura&ccedil;&atilde;o que lhe d&aacute; poderes para responder pela empresa junto ao Minist&eacute;rio das Comunica&ccedil;&otilde;es e &agrave; Anatel.<\/p>\n<p>Sem se identificar, a reportagem conversou com um vendedor, pelo celular, sobre o aluguel de r&aacute;dios a igrejas.<\/p>\n<p>&quot;O contrato &eacute; assinado com pagamento adiantado de dois meses de aluguel. A igreja fica com o comando total da r&aacute;dio. &Eacute; assim que funciona&quot;, disse o corretor.<\/p>\n<p>A Folha n&atilde;o conseguiu localizar os respons&aacute;veis pela p&aacute;gina na internet.<\/span><\/p>\n","protected":false},"excerpt":{"rendered":"<p>Governo admite n&atilde;o ter meios para coibir mercado paralelo de emissoras<\/p>\n<p> Lei s&oacute; permite venda ap&oacute;s 5 anos, mas sites oferecem concess&otilde;es rec&eacute;m-aprovadas na internet livremente<\/p>\n","protected":false},"author":1,"featured_media":0,"comment_status":"open","ping_status":"open","sticky":false,"template":"","format":"standard","meta":{"footnotes":""},"categories":[40],"tags":[106],"_links":{"self":[{"href":"https:\/\/obscom.intervozes.org.br\/index.php?rest_route=\/wp\/v2\/posts\/25467"}],"collection":[{"href":"https:\/\/obscom.intervozes.org.br\/index.php?rest_route=\/wp\/v2\/posts"}],"about":[{"href":"https:\/\/obscom.intervozes.org.br\/index.php?rest_route=\/wp\/v2\/types\/post"}],"author":[{"embeddable":true,"href":"https:\/\/obscom.intervozes.org.br\/index.php?rest_route=\/wp\/v2\/users\/1"}],"replies":[{"embeddable":true,"href":"https:\/\/obscom.intervozes.org.br\/index.php?rest_route=%2Fwp%2Fv2%2Fcomments&post=25467"}],"version-history":[{"count":0,"href":"https:\/\/obscom.intervozes.org.br\/index.php?rest_route=\/wp\/v2\/posts\/25467\/revisions"}],"wp:attachment":[{"href":"https:\/\/obscom.intervozes.org.br\/index.php?rest_route=%2Fwp%2Fv2%2Fmedia&parent=25467"}],"wp:term":[{"taxonomy":"category","embeddable":true,"href":"https:\/\/obscom.intervozes.org.br\/index.php?rest_route=%2Fwp%2Fv2%2Fcategories&post=25467"},{"taxonomy":"post_tag","embeddable":true,"href":"https:\/\/obscom.intervozes.org.br\/index.php?rest_route=%2Fwp%2Fv2%2Ftags&post=25467"}],"curies":[{"name":"wp","href":"https:\/\/api.w.org\/{rel}","templated":true}]}}