{"id":25441,"date":"2011-03-22T13:39:59","date_gmt":"2011-03-22T13:39:59","guid":{"rendered":"https:\/\/obscom.intervozes.org.br\/wordpress\/?p=25441"},"modified":"2011-03-22T13:39:59","modified_gmt":"2011-03-22T13:39:59","slug":"governo-quer-radios-comunitarias-em-todas-as-cidades-ate-o-fim-de-2012","status":"publish","type":"post","link":"https:\/\/obscom.intervozes.org.br\/?p=25441","title":{"rendered":"Governo quer r\u00e1dios comunit\u00e1rias em todas as cidades at\u00e9 o fim de 2012"},"content":{"rendered":"<p><span class=\"padrao\">O Governo Federal vai trabalhar para que at&eacute; o fim de 2012 todos os munic&iacute;pios brasileiros tenham pelo menos uma r&aacute;dio comunit&aacute;ria. Para isso, este ano ele vai lan&ccedil;ar 11 avisos de habilita&ccedil;&atilde;o &ndash; que permite o pedido formal de uma emissora pela entidade &ndash; que v&atilde;o atender a 431 cidades, o que j&aacute; abrangeria 85% munic&iacute;pios (hoje o servi&ccedil;o chega a 76,9% deles). A medida foi divulgada na quinta-feira (17) e est&aacute; dentro do Plano Nacional de Outorgas para Radiodifus&atilde;o Comunit&aacute;ria do Minist&eacute;rio das Comunica&ccedil;&otilde;es (Minicom).<\/span><\/p>\n<p>&nbsp;<\/p>\n<p><span class=\"padrao\">Uma das novidades do Plano &eacute; que pela primeira vez os avisos de habilita&ccedil;&atilde;o ser&atilde;o divulgados com bastante anteced&ecirc;ncia. O objetivo do Minist&eacute;rio com isso &eacute; fazer com que as entidades interessadas possam se preparar para solicitar a autoriza&ccedil;&atilde;o de funcionamento para o servi&ccedil;o, que vale por dez anos. Atualmente, &eacute; muito comum a prorroga&ccedil;&atilde;o dos avisos abertos, que geralmente duram a princ&iacute;pio 45 dias. <\/span><\/p>\n<p>&nbsp;<\/p>\n<p><span class=\"padrao\">A medida busca evitar essas prorroga&ccedil;&otilde;es. &ldquo;Queremos reduzir o tempo de tramita&ccedil;&atilde;o de um processo para menos de um ano&rdquo;, afirma Octavio Pieranti, que atualmente &eacute; assessor da Secretaria Executiva do Minicom, mas que deve ocupar em breve o posto de coordenador de Radiodifus&atilde;o Comunit&aacute;ria na pasta. Outra novidade &eacute; que sete avisos ser&atilde;o coordenados pela delegacias regionais do Minicom.<\/span><\/p>\n<p>&nbsp;<\/p>\n<p><span class=\"padrao\">Segundo o Minist&eacute;rio, o plano tamb&eacute;m define com mais clareza as cidades contempladas pelos avisos. Os 431 munic&iacute;pios que ter&atilde;o avisos abertos este ano foram escolhidos sob os seguintes crit&eacute;rios: avan&ccedil;o da universaliza&ccedil;&atilde;o da forma concomitante em todas as macro-regi&otilde;es do pa&iacute;s (85% de cidades em todas elas), atendimento de cidades j&aacute; inclu&iacute;das no Plano B&aacute;sico de Frequ&ecirc;ncias (e pedido para que a Anatel inclua as demais), prioridade para cidades onde entidades j&aacute; manifestaram interesse na explora&ccedil;&atilde;o do servi&ccedil;o, atendimento priorit&aacute;rio as mais populosas e preserva&ccedil;&atilde;o da diversidade de estados em um mesmo aviso. <\/span><\/p>\n<p>&nbsp;<\/p>\n<p><span class=\"padrao\">A Associa&ccedil;&atilde;o Brasileira de Radiodifus&atilde;o Comunit&aacute;ria (Abra&ccedil;o) entende que essas a&ccedil;&otilde;es anunciadas atendem parte das reivindica&ccedil;&otilde;es das r&aacute;dios. Mas diferente do Minicom, a entidade acredita que possibilitar a cria&ccedil;&atilde;o dessas emissoras em todos os munic&iacute;pios n&atilde;o pode ser considerada uma universaliza&ccedil;&atilde;o do servi&ccedil;o. &ldquo;Segundo levantamento feito pela Abra&ccedil;o Nacional, existem cerca de 30 mil localidades em todo o pa&iacute;s que s&atilde;o exclu&iacute;das dos meios de comunica&ccedil;&atilde;o e que tem o direito de requerem o seu canal&rdquo;, divulgou a entidade, em nota.<\/span><\/p>\n<p>&nbsp;<\/p>\n<p><span class=\"padrao\">Na <a href=\"http:\/\/www.abraconacional.org\/?p=6019\">mesma nota<\/a>, a Abra&ccedil;o relaciona outras 13 reivindica&ccedil;&otilde;es ao Minist&eacute;rio das Comunica&ccedil;&otilde;es. A primeira delas &eacute; que o Minicom suspenda o procedimento de arquivamento sum&aacute;rio de pedidos de autoriza&ccedil;&atilde;o de emissoras que iniciaram suas transmiss&otilde;es sem a outorga, motivadas pela omiss&atilde;o, burocracia e falta de informa&ccedil;&otilde;es concretas por parte do Estado.<\/span><\/p>\n<p>&nbsp;<\/p>\n<p><span class=\"padrao\">O assessor do Minicom, Octavio Pieranti, disse que o assunto est&aacute; sendo avaliado, mas no momento n&atilde;o h&aacute; como mudar essa situa&ccedil;&atilde;o pois esse procedimento partiu de uma solicita&ccedil;&atilde;o do Minist&eacute;rio P&uacute;blico Federal e deve ser cumprida. Portanto, se o Minicom receber den&uacute;ncia de que alguma r&aacute;dio com pedido de autoriza&ccedil;&atilde;o esteja no ar ela vai ter seu pedido arquivado. <\/span><\/p>\n<p>&nbsp;<\/p>\n<p><span class=\"padrao\">Existem mais de mil solicita&ccedil;&otilde;es de autoriza&ccedil;&atilde;o para cria&ccedil;&atilde;o de r&aacute;dios comunit&aacute;rias no pa&iacute;s. S&atilde;o mais de 4.200 outorgas, por&eacute;m n&atilde;o n&atilde;o h&aacute; emissoras em mais de duas mil cidades. Muitas dessas que n&atilde;o possuem o servi&ccedil;o (1.268) j&aacute; tiveram avisos de habilita&ccedil;&atilde;o abertos em outro momento, demonstrando que s&atilde;o necess&aacute;rias pol&iacute;ticas complementares aos avisos para difus&atilde;o das comunit&aacute;rias. Apenas 13 munic&iacute;pios do pa&iacute;s nunca foram contemplados. <\/span><\/p>\n<p>&nbsp;<\/p>\n<p><strong><span class=\"padrao\">Sustentabilidade<\/span><\/strong><\/p>\n<p>&nbsp;<\/p>\n<p><span class=\"padrao\">Um dos principais problemas para as r&aacute;dios comunit&aacute;rias desde que surgiram &eacute; a dificuldade em se manterem financeiramente. Como elas n&atilde;o existem em raz&atilde;o do lucro, a Lei 9.612\/98 (que regula o servi&ccedil;o) pro&iacute;be que elas veiculem publicidade, com exce&ccedil;&atilde;o de patroc&iacute;nios na forma de apoios culturais. Ao mesmo tempo, a lei n&atilde;o prev&ecirc; maneiras de garantir a sustentabilidade desses ve&iacute;culos.<\/span><\/p>\n<p>&nbsp;<\/p>\n<p><span class=\"padrao\">Uma das bandeiras Abra&ccedil;o &eacute;, al&eacute;m de lutar para mudar a lei, garantir que as r&aacute;dios possam receber publicidade institucional dos governos. O Governo Federal, por exemplo, entende que n&atilde;o pode anunciar nas r&aacute;dios comunit&aacute;rias (ao contr&aacute;rio das TVs comunit&aacute;rias). Segundo Pieranti, essa quest&atilde;o est&aacute; sendo discutida pelo setor jur&iacute;dico da Secretaria de Comunica&ccedil;&atilde;o Social da Presid&ecirc;ncia da Rep&uacute;blica, que &eacute; a respons&aacute;vel pela publicidade governamental. E por l&aacute; deve ser decidida. <\/span><\/p>\n<p>&nbsp;<\/p>\n<p><strong><span class=\"padrao\">Fiscaliza&ccedil;&atilde;o<\/span><\/strong><\/p>\n<p>&nbsp;<\/p>\n<p><span class=\"padrao\">Por enquanto, o Governo Federal tamb&eacute;m n&atilde;o prop&ocirc;s mudan&ccedil;as no modelo de fiscaliza&ccedil;&atilde;o das r&aacute;dios comunit&aacute;rias, uma das principais reclama&ccedil;&otilde;es daqueles que prestam o servi&ccedil;o. No entanto, o ministro das Comunica&ccedil;&otilde;es, Paulo Bernardo, deu a entender que algo pode mudar nessa &aacute;rea. Ele acredita que a Ag&ecirc;ncia Nacional de Telecomunica&ccedil;&otilde;es (Anatel) deve ser mais justa nesse sentido e que poderia fazer uma esp&eacute;cie de plano de fiscaliza&ccedil;&atilde;o, que tratasse os ve&iacute;culos comerciais com o mesmo rigor que s&atilde;o tratados os comunit&aacute;rios. &ldquo;Tem que fiscalizar todos os segmentos&rdquo;, disse Bernardo.<\/span><\/p>\n<p>&nbsp;<\/p>\n<p><strong><span class=\"padrao\">Mudan&ccedil;as legais<\/span><\/strong><\/p>\n<p>&nbsp;<\/p>\n<p><span class=\"padrao\">Apesar de concordar com a necessidade da revis&atilde;o legal para o setor de r&aacute;dios comunit&aacute;rias, o ministro Paulo Bernardo n&atilde;o garantiu que haver&aacute; propostas de mudan&ccedil;as no projeto de revis&atilde;o do marco regulat&oacute;rio, que est&aacute; sendo preparado pelo Executivo. Mas afirmou que se elas n&atilde;o vierem por esse caminho, o governo pode optar por fazer essa discuss&atilde;o aproveitando projetos que j&aacute; tramitam no Congresso sobre o tema. <\/span><\/p>\n<p>&nbsp;<\/p>\n<p><span class=\"padrao\">Um dos v&aacute;rios projetos que tramitam na C&acirc;mara sobre o assunto descriminaliza as opera&ccedil;&otilde;es de r&aacute;dios comunit&aacute;rias &ndash; ou seja, retira da esfera penal a forma de punir as infra&ccedil;&otilde;es cometidas e estabelece san&ccedil;&otilde;es administrativas pelo mau uso do servi&ccedil;o. O texto aprovado &eacute; um substitutivo do deputado Fernando Marroni (PT-RS) ao PL 4549\/98, do ex-deputado Salvador Zimbaldi. <\/span><\/p>\n<p>&nbsp;<\/p>\n<p><span class=\"padrao\">O ministro tamb&eacute;m diz ser favor&aacute;vel ao aumento do limite da pot&ecirc;ncia permitida para as r&aacute;dios comunit&aacute;rias. Principalmente em regi&otilde;es de baixa densidade populacional, como a Amaz&ocirc;nia. Atualmente, o trasmissor dessas r&aacute;dios &ndash; tamb&eacute;m por obriga&ccedil;&atilde;o da Lei 9.612\/98 &#8211; pode ter at&eacute; 25w apenas, o que &eacute; considerado outro impeditivo para o desenvolvimento de um bom trabalho por parte dessas emissoras. <\/span><\/p>\n<p>&nbsp;<\/p>\n<p>&nbsp;<\/p>\n<p>&nbsp;<\/p>\n<p>&nbsp;<\/p>\n<hr \/>\n<p>&nbsp;<\/p>\n<p>&nbsp;<\/p>\n<h2>Entenda como funcionam os avisos de habilita&ccedil;&atilde;o<\/h2>\n<p>O aviso de habilita&ccedil;&atilde;o &eacute; o meio utilizado para tornar p&uacute;blico o chamamento das entidades que desejem executar o servi&ccedil;o de radiodifus&atilde;o comunit&aacute;ria em determinadas localidades. Permite a participa&ccedil;&atilde;o tanto das entidades que j&aacute; manifestaram interesse em operar o servi&ccedil;o quanto daquelas que ainda n&atilde;o enviaram ao minist&eacute;rio o formul&aacute;rio de demonstra&ccedil;&atilde;o de interesse, dispon&iacute;vel no site.<\/p>\n<p>Ap&oacute;s a publica&ccedil;&atilde;o do aviso, as entidades t&ecirc;m um prazo para apresentar toda a documenta&ccedil;&atilde;o solicitada pelo minist&eacute;rio.&nbsp; A sele&ccedil;&atilde;o &eacute; feita a partir da an&aacute;lise desses documentos. Depois de publicada a portaria de autoriza&ccedil;&atilde;o, a entidade deve aguardar a emiss&atilde;o de uma licen&ccedil;a de funcionamento para iniciar o servi&ccedil;o.<\/p>\n<p>Fonte: Minist&eacute;rio das Comunica&ccedil;&otilde;es<\/p>\n<p>&nbsp;<\/p>\n<p>&nbsp;<\/p>\n","protected":false},"excerpt":{"rendered":"<p><span class=\"padrao\">Plano Nacional de Outorgas para Radiodifus&atilde;o Comunit&aacute;ria publicar&aacute; <\/span>onze avisos de habilita&ccedil;&atilde;o atendendo 431 m&uacute;nicipios <\/p>\n","protected":false},"author":1,"featured_media":0,"comment_status":"open","ping_status":"open","sticky":false,"template":"","format":"standard","meta":{"footnotes":""},"categories":[40],"tags":[1357],"_links":{"self":[{"href":"https:\/\/obscom.intervozes.org.br\/index.php?rest_route=\/wp\/v2\/posts\/25441"}],"collection":[{"href":"https:\/\/obscom.intervozes.org.br\/index.php?rest_route=\/wp\/v2\/posts"}],"about":[{"href":"https:\/\/obscom.intervozes.org.br\/index.php?rest_route=\/wp\/v2\/types\/post"}],"author":[{"embeddable":true,"href":"https:\/\/obscom.intervozes.org.br\/index.php?rest_route=\/wp\/v2\/users\/1"}],"replies":[{"embeddable":true,"href":"https:\/\/obscom.intervozes.org.br\/index.php?rest_route=%2Fwp%2Fv2%2Fcomments&post=25441"}],"version-history":[{"count":0,"href":"https:\/\/obscom.intervozes.org.br\/index.php?rest_route=\/wp\/v2\/posts\/25441\/revisions"}],"wp:attachment":[{"href":"https:\/\/obscom.intervozes.org.br\/index.php?rest_route=%2Fwp%2Fv2%2Fmedia&parent=25441"}],"wp:term":[{"taxonomy":"category","embeddable":true,"href":"https:\/\/obscom.intervozes.org.br\/index.php?rest_route=%2Fwp%2Fv2%2Fcategories&post=25441"},{"taxonomy":"post_tag","embeddable":true,"href":"https:\/\/obscom.intervozes.org.br\/index.php?rest_route=%2Fwp%2Fv2%2Ftags&post=25441"}],"curies":[{"name":"wp","href":"https:\/\/api.w.org\/{rel}","templated":true}]}}