{"id":25439,"date":"2011-03-21T13:06:43","date_gmt":"2011-03-21T13:06:43","guid":{"rendered":"https:\/\/obscom.intervozes.org.br\/wordpress\/?p=25439"},"modified":"2011-03-21T13:06:43","modified_gmt":"2011-03-21T13:06:43","slug":"politica-de-software-e-emergencia-nacional","status":"publish","type":"post","link":"https:\/\/obscom.intervozes.org.br\/?p=25439","title":{"rendered":"Pol\u00edtica de software \u00e9 emerg\u00eancia nacional"},"content":{"rendered":"<p><span class=\"padrao\"><strong>Luiz Queiroz &#8211; Converg&ecirc;ncia Digital<\/strong><\/p>\n<p>Ao falar sobre cen&aacute;rios futuros para o mercado de software no evento promovido pela Assespro Nacional, na &uacute;ltima ter&ccedil;a-feira, 15, em Bras&iacute;lia, o professor e Doutor em Ci&ecirc;ncia da Computa&ccedil;&atilde;o (UFPE), Silvio Meira, cobrou a implanta&ccedil;&atilde;o urgente de uma &quot;radical&quot; pol&iacute;tica nacional de software.<\/p>\n<p>Esse assunto, segundo ele, deveria ser debatido dentro do Congresso Nacional. &quot;N&atilde;o apenas como um tema de interesse econ&ocirc;mico e social mas, tamb&eacute;m, estrat&eacute;gico e de emerg&ecirc;ncia nacional&quot;, destacou Silvio Meira.<\/p>\n<p>A pol&iacute;tica nacional para o setor de software contemplaria no seu arcabou&ccedil;o, todas as medidas necess&aacute;rias para retirar os gasgalos que impedem a competitividade e o desenvolvimento do setor na &aacute;rea. Dentre eles, Meira destacou a quest&atilde;o da forma&ccedil;&atilde;o e qualifica&ccedil;&atilde;o da m&atilde;o-de-obra no pa&iacute;s.<\/p>\n<p>A CDTV gravou a palestra de Silvio Meira para os empres&aacute;rios do setor de software. Acompanhe o trecho referente &agrave; estrat&eacute;gia do setor no Brasil<\/span><\/p>\n","protected":false},"excerpt":{"rendered":"<p>Luiz Queiroz &#8211; Converg&ecirc;ncia Digital Ao falar sobre cen&aacute;rios futuros para o mercado de software no evento promovido pela Assespro Nacional, na &uacute;ltima ter&ccedil;a-feira, 15, em Bras&iacute;lia, o professor e Doutor em Ci&ecirc;ncia da Computa&ccedil;&atilde;o (UFPE), Silvio Meira, cobrou a implanta&ccedil;&atilde;o urgente de uma &quot;radical&quot; pol&iacute;tica nacional de software. Esse assunto, segundo ele, deveria ser &hellip; <a href=\"https:\/\/obscom.intervozes.org.br\/?p=25439\" class=\"more-link\">Continue lendo <span class=\"screen-reader-text\">Pol\u00edtica de software \u00e9 emerg\u00eancia nacional<\/span> <span class=\"meta-nav\">&rarr;<\/span><\/a><\/p>\n","protected":false},"author":1,"featured_media":0,"comment_status":"open","ping_status":"open","sticky":false,"template":"","format":"standard","meta":{"footnotes":""},"categories":[39],"tags":[],"_links":{"self":[{"href":"https:\/\/obscom.intervozes.org.br\/index.php?rest_route=\/wp\/v2\/posts\/25439"}],"collection":[{"href":"https:\/\/obscom.intervozes.org.br\/index.php?rest_route=\/wp\/v2\/posts"}],"about":[{"href":"https:\/\/obscom.intervozes.org.br\/index.php?rest_route=\/wp\/v2\/types\/post"}],"author":[{"embeddable":true,"href":"https:\/\/obscom.intervozes.org.br\/index.php?rest_route=\/wp\/v2\/users\/1"}],"replies":[{"embeddable":true,"href":"https:\/\/obscom.intervozes.org.br\/index.php?rest_route=%2Fwp%2Fv2%2Fcomments&post=25439"}],"version-history":[{"count":0,"href":"https:\/\/obscom.intervozes.org.br\/index.php?rest_route=\/wp\/v2\/posts\/25439\/revisions"}],"wp:attachment":[{"href":"https:\/\/obscom.intervozes.org.br\/index.php?rest_route=%2Fwp%2Fv2%2Fmedia&parent=25439"}],"wp:term":[{"taxonomy":"category","embeddable":true,"href":"https:\/\/obscom.intervozes.org.br\/index.php?rest_route=%2Fwp%2Fv2%2Fcategories&post=25439"},{"taxonomy":"post_tag","embeddable":true,"href":"https:\/\/obscom.intervozes.org.br\/index.php?rest_route=%2Fwp%2Fv2%2Ftags&post=25439"}],"curies":[{"name":"wp","href":"https:\/\/api.w.org\/{rel}","templated":true}]}}