{"id":25437,"date":"2011-03-18T16:33:29","date_gmt":"2011-03-18T16:33:29","guid":{"rendered":"https:\/\/obscom.intervozes.org.br\/wordpress\/?p=25437"},"modified":"2011-03-18T16:33:29","modified_gmt":"2011-03-18T16:33:29","slug":"unesco-aponta-falhas-na-legislacao-de-comunicacao-brasileira","status":"publish","type":"post","link":"https:\/\/obscom.intervozes.org.br\/?p=25437","title":{"rendered":"Unesco aponta falhas na legisla\u00e7\u00e3o de comunica\u00e7\u00e3o brasileira"},"content":{"rendered":"<p><span class=\"padrao\">A Organiza&ccedil;&atilde;o das Na&ccedil;&otilde;es Unidas para a Educa&ccedil;&atilde;o, Ci&ecirc;ncia e Cultura (Unesco) em parceira com o Funda&ccedil;&atilde;o Ford lan&ccedil;ou estudo sobre a regula&ccedil;&atilde;o de radiodifus&atilde;o no Brasil, nesta quinta-feira (17). A organiza&ccedil;&atilde;o sugere mudan&ccedil;as no ambiente regulat&oacute;rio brasileiro a partir da compara&ccedil;&atilde;o com outros 10 pa&iacute;ses. As pesquisas realizadas por tr&ecirc;s dos principais especialistas em comunica&ccedil;&atilde;o no mundo, Toby Mendel, Eve Salomon e Andrew Puddephatt, apontam uma grande defasagem na regulamenta&ccedil;&atilde;o brasileira.<\/p>\n<p>O estudo busca contribuir com o debate sobre o papel do setor de comunica&ccedil;&otilde;es para o fortalecimento da democracia. &ldquo;A liberdade de express&atilde;o &eacute; uma das condi&ccedil;&otilde;es necess&aacute;rias para a garantia de outros direitos&rdquo;, argumenta Vincent. &ldquo;&Eacute; importante que a sociedade seja vigilante quanto a quest&atilde;o da censura, o que n&atilde;o se pode achar &eacute; que qualquer regula&ccedil;&atilde;o seja censura&rdquo;, diz Guilherme Canela, coordenador de Comunica&ccedil;&atilde;o e Informa&ccedil;&atilde;o da Unesco no Brasil. &ldquo;A legisla&ccedil;&atilde;o de comunica&ccedil;&atilde;o &eacute; muito antiga e n&atilde;o se alia aos princ&iacute;pios da Constitui&ccedil;&atilde;o&rdquo;, afirma Vincent Defourny, representante da Unesco no Brasil.<\/p>\n<p>Um dos pontos mais pol&ecirc;micos do estudo &eacute; a sugest&atilde;o das cotas de conte&uacute;do. A Unesco recomenda que seja estabelecida uma cota de produ&ccedil;&atilde;o nacional de 50%, uma cota de 10% na programa&ccedil;&atilde;o destinada a produ&ccedil;&atilde;o independente e uma cota de transmiss&atilde;o m&iacute;nima de 10% de conte&uacute;do local.<\/p>\n<p>A Unesco tamb&eacute;m defende a cria&ccedil;&atilde;o de uma entidade reguladora independente para o setor da comunica&ccedil;&atilde;o, especialmente para a quest&atilde;o da outorga de concess&otilde;es de radiodifus&atilde;o. &ldquo;O Congresso nacional &eacute; uma inst&acirc;ncia pol&iacute;tica, n&atilde;o cabe a ele o papel de &oacute;rg&atilde;o regulador de concess&otilde;es, pois ele est&aacute; sujeito a conflitos de interesses&rdquo;, afirma Vincent.<\/p>\n<p>Para o controle de conte&uacute;do, a Unesco sugere a autorregula&ccedil;&atilde;o como melhor maneira de evitar censuras. &ldquo;[a m&iacute;dia] constitui um ambiente que permite a livre troca de ideias e opini&otilde;es; em segundo lugar, ela &eacute; um ator social em defesa de seus direitos e interesse. &Eacute; esse car&aacute;ter duplo que torna t&atilde;o essencial a constru&ccedil;&atilde;o de um&nbsp; sistema efetivo de autorregula&ccedil;&atilde;o&rdquo;, explica Andrew Puddephatt, um dos autores do estudo. Para a Unesco, as empresas e os profissionais devem criar inst&acirc;ncias de regula&ccedil;&atilde;o independentes do Estado.<\/p>\n<p>A Unesco afirma a necessidade de regras mais s&oacute;lidas sobre a concentra&ccedil;&atilde;o de propriedade, inclusive de propriedade privada. Segundo o estudo, &ldquo;estas [regras] precisam se concentrar no controle de facto exercido pelos indiv&iacute;duos, e n&atilde;o na composi&ccedil;&atilde;o corporativa das emissoras&rdquo;. &ldquo;Os cidad&atilde;os tem o direito de saber a que pluralidade est&atilde;o tendo acesso&rdquo;, explica Guilherme Canela.<\/p>\n<p>O estudo tamb&eacute;m ressalta a import&acirc;ncia das radiodifusoras p&uacute;blicas e comunit&aacute;rias para garantirem a pluralidade e a democracia na comunica&ccedil;&atilde;o.&nbsp; A Unesco sugere novas regras para emissoras comunit&aacute;rias, rediscutindo, por exemplo, a proibi&ccedil;&atilde;o de veicula&ccedil;&atilde;o de publicidade. &ldquo;N&atilde;o existe uma f&oacute;rmula pronta para a regulamenta&ccedil;&atilde;o da m&iacute;dia&rdquo;, afirma Vincent. &ldquo;O importante &eacute; fazer um debate aberto na sociedade porque a quest&atilde;o da m&iacute;dia &eacute; um assunto muito importante para ficar apenas nas m&atilde;os de especialistas da m&iacute;dia&rdquo;, conclui o representante da Unesco.<\/span><\/p>\n<p>&nbsp;<\/p>\n<p><span class=\"padrao\">As &iacute;ntegras dos estudos est&atilde;o dispon&iacute;veis na p&aacute;gina da Unesco:<br \/><\/span><\/p>\n<p>&nbsp;<\/p>\n<p><a href=\"http:\/\/www.unesco.org\/new\/pt\/brasilia\/about-this-office\/single-view\/news\/the_regulatory_environment_for_broadcasting_pdf_only\/\"><span class=\"padrao\">O Ambiente regulat&oacute;rio para a radiodifus&atilde;o<\/span><\/a><span class=\"padrao\"><\/p>\n<p><a href=\"http:\/\/www.unesco.org\/new\/pt\/brasilia\/about-this-office\/single-view\/news\/freedom_of_expression_and_broadcasting_regulation_pdf_only\/\">Liberdade de express&atilde;o e regula&ccedil;&atilde;o da radiodifus&atilde;o<\/a><\/p>\n<p><a href=\"http:\/\/www.unesco.org\/new\/pt\/brasilia\/about-this-office\/single-view\/news\/the_importance_of_self_regulation_of_the_media_in_upholding_freedom_of_expression_pdf_only\/\">A Import&acirc;ncia da autorregula&ccedil;&atilde;o da m&iacute;dia para a defesa da liberdade de express&atilde;o<\/a> <\/span><\/p>\n","protected":false},"excerpt":{"rendered":"<p>Estudo realizado pela organiza&ccedil;&atilde;o compara ambiente regulat&oacute;rio em outros  10 pa&iacute;ses e sugere cotas de conte&uacute;do e cria&ccedil;&atilde;o entidade reguladora<\/p>\n","protected":false},"author":1,"featured_media":0,"comment_status":"open","ping_status":"open","sticky":false,"template":"","format":"standard","meta":{"footnotes":""},"categories":[40],"tags":[1504],"_links":{"self":[{"href":"https:\/\/obscom.intervozes.org.br\/index.php?rest_route=\/wp\/v2\/posts\/25437"}],"collection":[{"href":"https:\/\/obscom.intervozes.org.br\/index.php?rest_route=\/wp\/v2\/posts"}],"about":[{"href":"https:\/\/obscom.intervozes.org.br\/index.php?rest_route=\/wp\/v2\/types\/post"}],"author":[{"embeddable":true,"href":"https:\/\/obscom.intervozes.org.br\/index.php?rest_route=\/wp\/v2\/users\/1"}],"replies":[{"embeddable":true,"href":"https:\/\/obscom.intervozes.org.br\/index.php?rest_route=%2Fwp%2Fv2%2Fcomments&post=25437"}],"version-history":[{"count":0,"href":"https:\/\/obscom.intervozes.org.br\/index.php?rest_route=\/wp\/v2\/posts\/25437\/revisions"}],"wp:attachment":[{"href":"https:\/\/obscom.intervozes.org.br\/index.php?rest_route=%2Fwp%2Fv2%2Fmedia&parent=25437"}],"wp:term":[{"taxonomy":"category","embeddable":true,"href":"https:\/\/obscom.intervozes.org.br\/index.php?rest_route=%2Fwp%2Fv2%2Fcategories&post=25437"},{"taxonomy":"post_tag","embeddable":true,"href":"https:\/\/obscom.intervozes.org.br\/index.php?rest_route=%2Fwp%2Fv2%2Ftags&post=25437"}],"curies":[{"name":"wp","href":"https:\/\/api.w.org\/{rel}","templated":true}]}}