{"id":25434,"date":"2011-03-18T14:21:50","date_gmt":"2011-03-18T14:21:50","guid":{"rendered":"https:\/\/obscom.intervozes.org.br\/wordpress\/?p=25434"},"modified":"2011-03-18T14:21:50","modified_gmt":"2011-03-18T14:21:50","slug":"nao-vamos-abrir-nenhuma-licitacao-enquanto-nao-encerrar-as-abertas","status":"publish","type":"post","link":"https:\/\/obscom.intervozes.org.br\/?p=25434","title":{"rendered":"&#8220;N\u00e3o vamos abrir nenhuma licita\u00e7\u00e3o enquanto n\u00e3o encerrar as abertas&#8221;"},"content":{"rendered":"\n<p style=\"margin-bottom: 0cm\" class=\"padrao\">H&aacute; menos de tr&ecirc;s meses no Minist&eacute;rio das Comunica&ccedil;&otilde;es (Minicom) , o ex-chefe de gabinete do ministro Paulo Bernardo (quando estava no Planejamento) e atual secret&aacute;rio de Servi&ccedil;os de Comunica&ccedil;&atilde;o Eletr&ocirc;nica da pasta, Genildo Lins de Albuquerque Neto, j&aacute; sentiu o tamanho do desafio que tem sob sua coordena&ccedil;&atilde;o.  <\/p>\n<p style=\"margin-bottom: 0cm\"> <\/p>\n<p style=\"margin-bottom: 0cm\" class=\"padrao\">De cara, vai ter que lidar com 35 mil processos de radiodifus&atilde;o que se acumulam no minist&eacute;rio. S&atilde;o pedidos de outorgas e tamb&eacute;m de altera&ccedil;&otilde;es t&eacute;cnicas das emissoras. O senador e ex-ministro das Comunica&ccedil;&otilde;es de Lula, Eun&iacute;cio de Oliveira, deu ideia do tamanho do problema. &ldquo;Tinha processo l&aacute; de 1982&rdquo;, disse ele, em audi&ecirc;ncia p&uacute;blica realizada no Senado nesta quarta-feira (16).  <\/p>\n<p style=\"margin-bottom: 0cm\"> <\/p>\n<p style=\"margin-bottom: 0cm\" class=\"padrao\">Fazer esses processos tramitarem de forma mais &aacute;gil &eacute; a prioridade de Genildo. Tanto que estipulou a meta de fazer isso em um ano e meio. Pelo menos Genildo n&atilde;o ter&aacute; mais que lidar com a investiga&ccedil;&atilde;o de irregularidades das emissoras, que vai ficar totalmente a cargo da Ag&ecirc;ncia Nacional de Telecomunica&ccedil;&otilde;es (Anatel) neste momento.  <\/p>\n<p style=\"margin-bottom: 0cm\"> <\/p>\n<p style=\"margin-bottom: 0cm\" class=\"padrao\">Confira nesta entrevista um pouco mais do que pretende fazer o secret&aacute;rio Genildo no Minicom.  <\/p>\n<p style=\"margin-bottom: 0cm\"> <\/p>\n<p style=\"margin-bottom: 0cm\"> <\/p>\n<p style=\"margin-bottom: 0cm\"> <\/p>\n<p style=\"margin-bottom: 0cm\" class=\"padrao\"><strong>O que est&aacute; se pensando em fazer para dimiuir o tempo de tramita&ccedil;&atilde;o de um processo de renova&ccedil;&atilde;o ou concess&atilde;o de outorga no minist&eacute;rio?<\/strong><\/p>\n<p style=\"margin-bottom: 0cm\" class=\"padrao\">Um processo at&eacute; ir para a Casa Civil vinha no Minist&eacute;rio das Comunica&ccedil;&otilde;es quatro vezes. Agora ele vai vir duas. Uma vez com a homologa&ccedil;&atilde;o da licita&ccedil;&atilde;o e exposi&ccedil;&atilde;o dos motivos e encaminha para o Congresso. Depois volta s&oacute; para assinar o contrato. Tudo isso &eacute; tempo de an&aacute;lise.  <\/p>\n<p style=\"margin-bottom: 0cm\"> <\/p>\n<p style=\"margin-bottom: 0cm\" class=\"padrao\"><strong>Voc&ecirc; acredita diminuir um processo em quanto tempo?  <\/strong><\/p>\n<p style=\"margin-bottom: 0cm\" class=\"padrao\">Qualquer reformula&ccedil;&atilde;o de processo, o ideal &eacute; voc&ecirc; medir o processo atual, v&ecirc; o que d&aacute; para fazer e melhorar. A gente n&atilde;o tem tempo para medir o processo atual. A gente esqueceu ele, pegou de par&acirc;metro e estamos come&ccedil;ando um procedimento novo. Diminuir os passos de um processo j&aacute; diminui muito o tempo de an&aacute;lise dele.  <\/p>\n<p style=\"margin-bottom: 0cm\"> <\/p>\n<p style=\"margin-bottom: 0cm\" class=\"padrao\"><strong>Dos 35 mil processos que de radiodifus&atilde;o que tramitam no Minicom, quantos s&atilde;o pedidos de concess&atilde;o ou renova&ccedil;&atilde;o de concess&atilde;o?<\/strong><\/p>\n<p style=\"margin-bottom: 0cm\" class=\"padrao\">A maioria s&atilde;o de altera&ccedil;&atilde;o de caracter&iacute;sticas t&eacute;cnicas, aprova&ccedil;&atilde;o de local e emiss&atilde;o de licen&ccedil;a de funcionamento. Essa parte de engenharia &eacute; muito trabalhosa. Tem que analisar o projeto, encaminhar para a Anatel verificar.<\/p>\n<p style=\"margin-bottom: 0cm\"> <\/p>\n<p style=\"margin-bottom: 0cm\" class=\"padrao\"><strong>N&atilde;o &eacute; necess&aacute;rio destinar mais funcion&aacute;rios para fazer isso&#8203;?<\/strong><\/p>\n<p style=\"margin-bottom: 0cm\" class=\"padrao\">A gente pega o que tem e adequa os procedimentos para usar o pessoal que temos &agrave; nossa disposi&ccedil;&atilde;o. N&atilde;o posso ficar chorando, dizer que n&atilde;o vou fazer porque n&atilde;o tenho pessoal.  <\/p>\n<p style=\"margin-bottom: 0cm\"> <\/p>\n<p style=\"margin-bottom: 0cm\" class=\"padrao\"><strong>O ministro comentou que o governo quer criar crit&eacute;rios para concess&otilde;es de emissoras educativas. Eles podem ser criados pelo minist&eacute;rio? E que crit&eacute;rios seriam esses?<\/strong><\/p>\n<p style=\"margin-bottom: 0cm\" class=\"padrao\">Claro. A lei diz que o ministro escolhe por oportunidade e conveni&ecirc;ncia dele. Ent&atilde;o ele pode escolher ou ele pode escolher dentro &ldquo;esses&rdquo; de crit&eacute;rios. Esses crit&eacute;rios ele mesmo vai estabelecer.<\/p>\n<p style=\"margin-bottom: 0cm\"> <\/p>\n<p style=\"margin-bottom: 0cm\" class=\"padrao\">A gente est&aacute; esperando uma conversa com o Minist&eacute;rio da Educa&ccedil;&atilde;o para ver o que a gente vai fazer. J&aacute; est&aacute; bem adiantado e quando estiverem prontos vamos anunciar.  <\/p>\n<p style=\"margin-bottom: 0cm\"> <\/p>\n<p style=\"margin-bottom: 0cm\" class=\"padrao\"><strong>Enquanto isso o que acontece com os pedidos de outorgas educativas?<\/strong><\/p>\n<p style=\"margin-bottom: 0cm\" class=\"padrao\">Est&atilde;o parados esperando os crit&eacute;rios. <\/p>\n<p style=\"margin-bottom: 0cm\"> <\/p>\n<p style=\"margin-bottom: 0cm\" class=\"padrao\"><strong>Hoje h&aacute; uma dificuldade em saber quem s&atilde;o os concession&aacute;rios das emissoras. Voc&ecirc;s est&atilde;o pensando alguma mudan&ccedil;a em rela&ccedil;&atilde;o a isso?<\/strong><\/p>\n<p style=\"margin-bottom: 0cm\" class=\"padrao\">A ideia &eacute; em um m&eacute;dio prazo conseguir juntar todas as informa&ccedil;&otilde;es e divulg&aacute;-las na internet. A outorga, o tipo de servi&ccedil;o, a entidade (ou empresa ou associa&ccedil;&atilde;o) e o s&oacute;cio dirigente. O problema &eacute; ter tempo de reunir tudo isso.  <\/p>\n<p style=\"margin-bottom: 0cm\"> <\/p>\n<p style=\"margin-bottom: 0cm\" class=\"padrao\">E ter uma estrutura compat&iacute;vel tamb&eacute;m. N&atilde;o d&aacute; para gente botar uma planilha de excel na internet porque toda vez que tiver que fazer uma altera&ccedil;&atilde;o vai ter que tirar e colocar de novo. A gente est&aacute; estudando uma forma de simplesmente alimentar, sem precisar fazer revis&atilde;o do sistema.  <\/p>\n<p style=\"margin-bottom: 0cm\"> <\/p>\n<p style=\"margin-bottom: 0cm\" class=\"padrao\"><strong>Seria algo parecido com o sistema da Anatel?<\/strong><\/p>\n<p style=\"margin-bottom: 0cm\" class=\"padrao\">O problema &eacute; que ele n&atilde;o &eacute; muito amig&aacute;vel para colocar todas as informa&ccedil;&otilde;es sistematizadas. Voc&ecirc; consegue pegar por entidade, mas n&atilde;o consegue integrar as informa&ccedil;&otilde;es.  <\/p>\n<p style=\"margin-bottom: 0cm\"> <\/p>\n<p style=\"margin-bottom: 0cm\" class=\"padrao\"><strong>E para quando seria isso?<\/strong><\/p>\n<p style=\"margin-bottom: 0cm\" class=\"padrao\">O problema &eacute; que peguei todo o meu pessoal para acabar com meu estoque (de processos). A gente vai ter que tentar ao longo do tempo ir organizando isso. A prioridade &eacute; o tratamento do estoque.<\/p>\n<p style=\"margin-bottom: 0cm\"> <\/p>\n<p style=\"margin-bottom: 0cm\" class=\"padrao\"><strong>Em rela&ccedil;&atilde;o aos crit&eacute;rios de concess&atilde;o e renova&ccedil;&atilde;o de outorgas de r&aacute;dio e TV. Est&aacute; se pensando em fazer mudan&ccedil;as?  <\/strong><\/p>\n<p style=\"margin-bottom: 0cm\" class=\"padrao\">O crit&eacute;rio &eacute; o que est&aacute; na lei. O primeiro crit&eacute;rio &eacute; t&eacute;cnico para classificar. E dos classificados quem pagar mais leva. Agora assim, n&atilde;o vamos abrir nenhuma licita&ccedil;&atilde;o enquanto n&atilde;o encerrar todas as abertas.<\/p>\n<p style=\"margin-bottom: 0cm\"> <\/p>\n<p style=\"margin-bottom: 0cm\" class=\"padrao\"><strong>Mas no momento da renova&ccedil;&atilde;o n&atilde;o &eacute; um pouco mais f&aacute;cil analisar os crit&eacute;rios t&eacute;cnicos e de conte&uacute;do para avaliar se a emissora merece ter sua outorga renovada?<\/strong><\/p>\n<p style=\"margin-bottom: 0cm\" class=\"padrao\">N&atilde;o necessariamente. O governo n&atilde;o tem um indiv&iacute;duo que passa o dia vendo televis&atilde;o e ouvindo r&aacute;dio.  <\/p>\n<p style=\"margin-bottom: 0cm\"> <\/p>\n<p style=\"margin-bottom: 0cm\" class=\"padrao\">No processo de renova&ccedil;&atilde;o, olha-se o hist&oacute;rico da entidade. Existe um princ&iacute;pio no Direito que n&atilde;o se pode dar duas penas pelo mesmo crime. Se o concession&aacute;rio cometeu uma infra&ccedil;&atilde;o e foi condenado a pagar uma multa ou uma suspens&atilde;o, n&atilde;o posso n&atilde;o renovar a outorga dele porque ele fez isso. O que posso fazer &eacute;, se durante a concess&atilde;o ele cometeu uma penalidade pass&iacute;vel de cassa&ccedil;&atilde;o, pedir a cassa&ccedil;&atilde;o da entidade. S&atilde;o coisas diferentes.  <\/p>\n<p style=\"margin-bottom: 0cm\"> <\/p>\n<p style=\"margin-bottom: 0cm\" class=\"padrao\">No C&oacute;digo Brasileiro de Telecomunica&ccedil;&otilde;es j&aacute; existem essas regras (previs&otilde;es de multas, suspens&atilde;o e cassa&ccedil;&atilde;o). E se for suspenso duas vezes, a terceira &eacute; cassa&ccedil;&atilde;o. A norma j&aacute; estabelece isso.<\/p>\n<p style=\"margin-bottom: 0cm\"> <\/p>\n<p style=\"margin-bottom: 0cm\" class=\"padrao\"><strong>O problema &eacute; que n&atilde;o acontece na pr&aacute;tica&#8230;<\/strong><\/p>\n<p style=\"margin-bottom: 0cm\" class=\"padrao\">Na pr&aacute;tica, o departamento de acompanhamento e fiscaliza&ccedil;&atilde;o estava assoberbado por uma interpreta&ccedil;&atilde;o jur&iacute;dica inadequada. A partir da nova interpreta&ccedil;&atilde;o jur&iacute;dica de que a fiscaliza&ccedil;&atilde;o t&eacute;cnica &eacute; toda da Anatel, o departamento agora tem recursos materiais e humanos para executar toda fiscaliza&ccedil;&atilde;o de conte&uacute;do.  <\/p>\n<p style=\"margin-bottom: 0cm\"> <\/p>\n<p style=\"margin-bottom: 0cm\" class=\"padrao\"><strong>Hoje os contratos com as emissoras de r&aacute;dio e TV n&atilde;o s&atilde;o p&uacute;blicos e n&atilde;o se sabe as obriga&ccedil;&otilde;es que elas devem cumprir. O Minist&eacute;rio pretende mudar isso?<\/strong><\/p>\n<p style=\"margin-bottom: 0cm\" class=\"padrao\">Elas s&atilde;o obrigadas a fazer aquilo que est&aacute; no CBT. Um contrato p&uacute;blico n&atilde;o pode inovar.  <\/p>\n<p style=\"margin-bottom: 0cm\"> <\/p>\n<p style=\"margin-bottom: 0cm\" class=\"padrao\"><strong>Porque ent&atilde;o eles n&atilde;o s&atilde;o p&uacute;blicos?<\/strong><\/p>\n<p style=\"margin-bottom: 0cm\" class=\"padrao\">Um contrato &eacute; muito simples. Tem o nome do contratante, o nome do contratado a obriga&ccedil;&atilde;o de cumprir a lei e acabou.<\/p>\n<p style=\"margin-bottom: 0cm\"> <\/p>\n<p style=\"margin-bottom: 0cm\" class=\"padrao\"><strong>E como ser&aacute; o regulamento de san&ccedil;&atilde;o das emissoras que o Minicom est&aacute; fazendo?<\/strong><\/p>\n<p style=\"margin-bottom: 0cm\" class=\"padrao\">O CBT estabelece uma regra que prev&ecirc; multa, suspens&atilde;o e cassa&ccedil;&atilde;o. Tem uma outra regra no C&oacute;digo que diz que qualquer pena pode ser substitu&iacute;da pela de multa. &Eacute; a pr&aacute;tica do Minist&eacute;rio at&eacute; hoje. Se a lei permite, as administra&ccedil;&otilde;es anteriores acharam por bem aplicar a convers&atilde;o da pena em multa em todos os casos, menos de cassa&ccedil;&atilde;o. A nossa ideia &eacute; deixar claro quais s&atilde;o os casos em que poder&aacute; se converter a suspens&atilde;o em multa. S&oacute; isso j&aacute; muda muito.  <\/p>\n","protected":false},"excerpt":{"rendered":"<p>Secret&aacute;rio de Comunica&ccedil;&atilde;o Eletr&ocirc;nica do ministro, Genildo prop&otilde;e mudan&ccedil;as para a radiodifus&atilde;o<\/p>\n","protected":false},"author":1,"featured_media":0,"comment_status":"open","ping_status":"open","sticky":false,"template":"","format":"standard","meta":{"footnotes":""},"categories":[43],"tags":[1235],"_links":{"self":[{"href":"https:\/\/obscom.intervozes.org.br\/index.php?rest_route=\/wp\/v2\/posts\/25434"}],"collection":[{"href":"https:\/\/obscom.intervozes.org.br\/index.php?rest_route=\/wp\/v2\/posts"}],"about":[{"href":"https:\/\/obscom.intervozes.org.br\/index.php?rest_route=\/wp\/v2\/types\/post"}],"author":[{"embeddable":true,"href":"https:\/\/obscom.intervozes.org.br\/index.php?rest_route=\/wp\/v2\/users\/1"}],"replies":[{"embeddable":true,"href":"https:\/\/obscom.intervozes.org.br\/index.php?rest_route=%2Fwp%2Fv2%2Fcomments&post=25434"}],"version-history":[{"count":0,"href":"https:\/\/obscom.intervozes.org.br\/index.php?rest_route=\/wp\/v2\/posts\/25434\/revisions"}],"wp:attachment":[{"href":"https:\/\/obscom.intervozes.org.br\/index.php?rest_route=%2Fwp%2Fv2%2Fmedia&parent=25434"}],"wp:term":[{"taxonomy":"category","embeddable":true,"href":"https:\/\/obscom.intervozes.org.br\/index.php?rest_route=%2Fwp%2Fv2%2Fcategories&post=25434"},{"taxonomy":"post_tag","embeddable":true,"href":"https:\/\/obscom.intervozes.org.br\/index.php?rest_route=%2Fwp%2Fv2%2Ftags&post=25434"}],"curies":[{"name":"wp","href":"https:\/\/api.w.org\/{rel}","templated":true}]}}