{"id":25433,"date":"2011-03-17T12:31:58","date_gmt":"2011-03-17T12:31:58","guid":{"rendered":"https:\/\/obscom.intervozes.org.br\/wordpress\/?p=25433"},"modified":"2011-03-17T12:31:58","modified_gmt":"2011-03-17T12:31:58","slug":"unesco-ve-anomalia-em-concessoes-de-radio-e-tv","status":"publish","type":"post","link":"https:\/\/obscom.intervozes.org.br\/?p=25433","title":{"rendered":"Unesco v\u00ea anomalia em concess\u00f5es de r\u00e1dio e TV"},"content":{"rendered":"<p><span class=\"padrao\">Estudo da Unesco, ag&ecirc;ncia da Organiza&ccedil;&atilde;o das Na&ccedil;&otilde;es Unidas para educa&ccedil;&atilde;o, ci&ecirc;ncia e cultura, recomenda que o Brasil tire do Congresso o poder de aprovar concess&otilde;es de r&aacute;dio e TV, o que exigiria mudan&ccedil;a na Constitui&ccedil;&atilde;o.<\/p>\n<p>Desde a reforma constitucional de 1988, a aprova&ccedil;&atilde;o de novas concess&otilde;es e a renova&ccedil;&atilde;o das j&aacute; existentes dependem de autoriza&ccedil;&atilde;o da C&acirc;mara e do Senado.<\/p>\n<p>Deixar nas m&atilde;os do Legislativo o poder de outorgar concess&otilde;es &eacute; anomalia que amea&ccedil;a a democracia e p&otilde;e em risco as garantias aos direitos humanos&quot;, diz o texto, que ser&aacute; divulgado hoje pelo representante da Unesco no Brasil, Vincent Defourny.<\/span><\/p>\n<p>&nbsp;<\/p>\n<p><span class=\"padrao\">O estudo &eacute; assinado pelos consultores internacionais Toby Mendel e Eve Salomon.<\/span><\/p>\n<p>&nbsp;<\/p>\n<p><span class=\"padrao\">O estudo sugere a cria&ccedil;&atilde;o de uma ag&ecirc;ncia reguladora independente, sem vincula&ccedil;&atilde;o com interesses pol&iacute;ticos ou empresariais do setor, que, entre outras fun&ccedil;&otilde;es, aprovaria as concess&otilde;es.<\/span><\/p>\n<p>&nbsp;<\/p>\n<p><span class=\"padrao\">Outra recomenda&ccedil;&atilde;o da Unesco &eacute; criar &quot;regras mais s&oacute;lidas&quot; sobre a concentra&ccedil;&atilde;o de propriedade dos meios de comunica&ccedil;&atilde;o.<\/span><\/p>\n<p>&nbsp;<\/p>\n<p><span class=\"padrao\">A legisla&ccedil;&atilde;o estabelece o teto de dez canais de TV e seis r&aacute;dios FM por empresa e por acionista. Os limites acabam ultrapassados com o registro de concess&otilde;es em nome de parentes de propriet&aacute;rios.<\/span><\/p>\n<p>&nbsp;<\/p>\n<p><span class=\"padrao\">O processo de outorga de concess&otilde;es brasileiro foi avaliado, no estudo, como &quot;extremamente lento&quot;. Uma sugest&atilde;o foi a aprova&ccedil;&atilde;o autom&aacute;tica dos processos ap&oacute;s certo prazo de tramita&ccedil;&atilde;o.<\/span><\/p>\n<p>&nbsp;<\/p>\n<p><span class=\"padrao\">O estudo &eacute; uma parceria entre a Unesco e a Funda&ccedil;&atilde;o Ford. Segundo Vincent Defourny as sugest&otilde;es dos consultores est&atilde;o &quot;em linha&quot; com a orienta&ccedil;&atilde;o da Unesco, e o objetivo do estudo &eacute; contribuir para o debate.<\/span><\/p>\n<p>&nbsp;<\/p>\n<p><span class=\"padrao\">A Unesco, segundo ele, defende a cria&ccedil;&atilde;o de normas e padr&otilde;es para regular o conte&uacute;do, e que ela se d&ecirc;, preferencialmente, por autorregula&ccedil;&atilde;o das empresas do setor.<\/span><\/p>\n<p>&nbsp;<\/p>\n<p><span class=\"padrao\">Rea&ccedil;&atilde;o<\/span><\/p>\n<p>&nbsp;<\/p>\n<p><span class=\"padrao\">A Abert (Associa&ccedil;&atilde;o Brasileira das Emissoras de R&aacute;dio e Televis&atilde;o) criticou o relat&oacute;rio. O diretor-geral da entidade, Luiz Roberto Antonik, disse que o poder conferido ao Congresso de aprovar as concess&otilde;es foi &quot;uma conquista&quot; e que o relat&oacute;rio tem &quot;vi&eacute;s ideol&oacute;gico&quot;.<\/span><\/p>\n<p>&nbsp;<\/p>\n<p><span class=\"padrao\">A entidade recebeu com ceticismo a proposta de cria&ccedil;&atilde;o de cotas para conte&uacute;do nacional (50%), local (10%) e de produ&ccedil;&atilde;o independente (10%) na programa&ccedil;&atilde;o. Alega que as pequenas emissoras ter&atilde;o dificuldade para cumprir as exig&ecirc;ncias.<\/span><\/p>\n","protected":false},"excerpt":{"rendered":"<p>Estudo de ag&ecirc;ncia da ONU sugere que se crie &oacute;rg&atilde;o regulador para o setor<br \/> Abert, entidade que re&uacute;ne emissoras de r&aacute;dio e TV, faz cr&iacute;ticas ao relat&oacute;rio e diz ter havido &quot;vi&eacute;s ideol&oacute;gico&quot;<\/p>\n","protected":false},"author":1,"featured_media":0,"comment_status":"open","ping_status":"open","sticky":false,"template":"","format":"standard","meta":{"footnotes":""},"categories":[40],"tags":[1272],"_links":{"self":[{"href":"https:\/\/obscom.intervozes.org.br\/index.php?rest_route=\/wp\/v2\/posts\/25433"}],"collection":[{"href":"https:\/\/obscom.intervozes.org.br\/index.php?rest_route=\/wp\/v2\/posts"}],"about":[{"href":"https:\/\/obscom.intervozes.org.br\/index.php?rest_route=\/wp\/v2\/types\/post"}],"author":[{"embeddable":true,"href":"https:\/\/obscom.intervozes.org.br\/index.php?rest_route=\/wp\/v2\/users\/1"}],"replies":[{"embeddable":true,"href":"https:\/\/obscom.intervozes.org.br\/index.php?rest_route=%2Fwp%2Fv2%2Fcomments&post=25433"}],"version-history":[{"count":0,"href":"https:\/\/obscom.intervozes.org.br\/index.php?rest_route=\/wp\/v2\/posts\/25433\/revisions"}],"wp:attachment":[{"href":"https:\/\/obscom.intervozes.org.br\/index.php?rest_route=%2Fwp%2Fv2%2Fmedia&parent=25433"}],"wp:term":[{"taxonomy":"category","embeddable":true,"href":"https:\/\/obscom.intervozes.org.br\/index.php?rest_route=%2Fwp%2Fv2%2Fcategories&post=25433"},{"taxonomy":"post_tag","embeddable":true,"href":"https:\/\/obscom.intervozes.org.br\/index.php?rest_route=%2Fwp%2Fv2%2Ftags&post=25433"}],"curies":[{"name":"wp","href":"https:\/\/api.w.org\/{rel}","templated":true}]}}