{"id":25432,"date":"2011-03-17T12:24:11","date_gmt":"2011-03-17T12:24:11","guid":{"rendered":"https:\/\/obscom.intervozes.org.br\/wordpress\/?p=25432"},"modified":"2011-03-17T12:24:11","modified_gmt":"2011-03-17T12:24:11","slug":"anatel-anuncia-forum-para-estimular-participacao-social-nas-telecomunicacoes","status":"publish","type":"post","link":"https:\/\/obscom.intervozes.org.br\/?p=25432","title":{"rendered":"Anatel anuncia f\u00f3rum para estimular participa\u00e7\u00e3o social nas telecomunica\u00e7\u00f5es"},"content":{"rendered":"<p><span class=\"padrao\"><strong>Reda&ccedil;&atilde;o &#8211; Ag&ecirc;ncia Brasil<\/strong><\/p>\n<p>No Dia Nacional do Consumidor, a Ag&ecirc;ncia Nacional de Telecomunica&ccedil;&otilde;es (Anatel) anunciou que vai promover, a partir de abril, o F&oacute;rum Al&ocirc; Brasil!, uma s&eacute;rie de encontros com representantes da sociedade civil para debater o papel do &oacute;rg&atilde;o regulador e, tamb&eacute;m, a qualidade dos servi&ccedil;os prestados pelas empresas de telecomunica&ccedil;&otilde;es.<\/p>\n<p>Tamb&eacute;m haver&aacute; espa&ccedil;o para os organismos de defesa dos direitos do consumidor apresentarem os principais problemas da regi&atilde;o em rela&ccedil;&atilde;o ao setor e um painel para o debate de temas espec&iacute;ficos, como publicidade dos planos de telefonia e a cobran&ccedil;a dos servi&ccedil;os prestados. As rodadas de debates ocorrer&atilde;o nas capitais e v&atilde;o durar um dia inteiro.<\/p>\n<p>O Dia do Consumidor foi criado nos Estados Unidos em 1962 pelo presidente John Kennedy e internacionalizado pela Organiza&ccedil;&atilde;o das Na&ccedil;&otilde;es Unidas em 1983. No Brasil, a Lei 10.504\/2002 instituiu o dia 15 de mar&ccedil;o como o Dia Nacional do Consumidor.<\/span><\/p>\n<p>&nbsp;<\/p>\n","protected":false},"excerpt":{"rendered":"<p>Reda&ccedil;&atilde;o &#8211; Ag&ecirc;ncia Brasil No Dia Nacional do Consumidor, a Ag&ecirc;ncia Nacional de Telecomunica&ccedil;&otilde;es (Anatel) anunciou que vai promover, a partir de abril, o F&oacute;rum Al&ocirc; Brasil!, uma s&eacute;rie de encontros com representantes da sociedade civil para debater o papel do &oacute;rg&atilde;o regulador e, tamb&eacute;m, a qualidade dos servi&ccedil;os prestados pelas empresas de telecomunica&ccedil;&otilde;es. Tamb&eacute;m &hellip; <a href=\"https:\/\/obscom.intervozes.org.br\/?p=25432\" class=\"more-link\">Continue lendo <span class=\"screen-reader-text\">Anatel anuncia f\u00f3rum para estimular participa\u00e7\u00e3o social nas telecomunica\u00e7\u00f5es<\/span> <span class=\"meta-nav\">&rarr;<\/span><\/a><\/p>\n","protected":false},"author":1,"featured_media":0,"comment_status":"open","ping_status":"open","sticky":false,"template":"","format":"standard","meta":{"footnotes":""},"categories":[39],"tags":[],"_links":{"self":[{"href":"https:\/\/obscom.intervozes.org.br\/index.php?rest_route=\/wp\/v2\/posts\/25432"}],"collection":[{"href":"https:\/\/obscom.intervozes.org.br\/index.php?rest_route=\/wp\/v2\/posts"}],"about":[{"href":"https:\/\/obscom.intervozes.org.br\/index.php?rest_route=\/wp\/v2\/types\/post"}],"author":[{"embeddable":true,"href":"https:\/\/obscom.intervozes.org.br\/index.php?rest_route=\/wp\/v2\/users\/1"}],"replies":[{"embeddable":true,"href":"https:\/\/obscom.intervozes.org.br\/index.php?rest_route=%2Fwp%2Fv2%2Fcomments&post=25432"}],"version-history":[{"count":0,"href":"https:\/\/obscom.intervozes.org.br\/index.php?rest_route=\/wp\/v2\/posts\/25432\/revisions"}],"wp:attachment":[{"href":"https:\/\/obscom.intervozes.org.br\/index.php?rest_route=%2Fwp%2Fv2%2Fmedia&parent=25432"}],"wp:term":[{"taxonomy":"category","embeddable":true,"href":"https:\/\/obscom.intervozes.org.br\/index.php?rest_route=%2Fwp%2Fv2%2Fcategories&post=25432"},{"taxonomy":"post_tag","embeddable":true,"href":"https:\/\/obscom.intervozes.org.br\/index.php?rest_route=%2Fwp%2Fv2%2Ftags&post=25432"}],"curies":[{"name":"wp","href":"https:\/\/api.w.org\/{rel}","templated":true}]}}