{"id":25431,"date":"2011-03-17T12:13:10","date_gmt":"2011-03-17T12:13:10","guid":{"rendered":"https:\/\/obscom.intervozes.org.br\/wordpress\/?p=25431"},"modified":"2011-03-17T12:13:10","modified_gmt":"2011-03-17T12:13:10","slug":"ministerio-das-comunicacoes-lancara-nove-editais-para-radios-comunitarias","status":"publish","type":"post","link":"https:\/\/obscom.intervozes.org.br\/?p=25431","title":{"rendered":"Minist\u00e9rio das Comunica\u00e7\u00f5es lan\u00e7ar\u00e1 nove editais para r\u00e1dios comunit\u00e1rias"},"content":{"rendered":"<p><span class=\"padrao\">O Minist&eacute;rio das Comunica&ccedil;&otilde;es lan&ccedil;ar&aacute; nove editais de licita&ccedil;&atilde;o visando &agrave; outorga de r&aacute;dios comunit&aacute;rias. Al&eacute;m disso, criar&aacute; a Secretaria de Inclus&atilde;o Digital, que vai gerir todos os programas do governo federal na &aacute;rea.<\/p>\n<p>Em audi&ecirc;ncia p&uacute;blica na Comiss&atilde;o de Ci&ecirc;ncia e Tecnologia do Senado, o ministro da pasta, Paulo Bernardo, informou que o calend&aacute;rio desses editais dever&aacute; sair at&eacute; amanh&atilde; (17). Segundo ele, o governo pretende dar maior racionalidade aos processos de outorga e &agrave; regulariza&ccedil;&atilde;o dos aspectos relativos &agrave; fiscaliza&ccedil;&atilde;o das emissoras.<\/p>\n<p>Entre as a&ccedil;&otilde;es programadas est&atilde;o a an&aacute;lise de todos processos em estoque no prazo de um ano e meio e a moderniza&ccedil;&atilde;o das regras sobre autoriza&ccedil;&atilde;o de altera&ccedil;&atilde;o de caracter&iacute;sticas t&eacute;cnicas.<\/p>\n<p>&ldquo;At&eacute; amanh&atilde;, se for poss&iacute;vel, vamos divulgar o calend&aacute;rio de nove editais de licita&ccedil;&atilde;o para radiodifus&atilde;o comunit&aacute;ria&rdquo;, disse o ministro, ao anunciar o lan&ccedil;amento do Plano Nacional de Outorga para Radiodifus&atilde;o Comunit&aacute;ria.<\/p>\n<p>A fim de tornar a internet acess&iacute;vel &agrave; popula&ccedil;&atilde;o de menor renda, o governo pretende concentrar na nova secretaria a formula&ccedil;&atilde;o, o planejamento, a coordena&ccedil;&atilde;o e a execu&ccedil;&atilde;o dos programas de inclus&atilde;o digital do governo. Segundo o ministro, &ldquo;48% dos brasileiros n&atilde;o t&ecirc;m acesso &agrave; internet por causa do alto custo [desse tipo de servi&ccedil;o]&rdquo;.<\/p>\n<p>Edi&ccedil;&atilde;o: Juliana Andrade<\/span><\/p>\n","protected":false},"excerpt":{"rendered":"<p>O Minist&eacute;rio das Comunica&ccedil;&otilde;es lan&ccedil;ar&aacute; nove editais de licita&ccedil;&atilde;o visando &agrave; outorga de r&aacute;dios comunit&aacute;rias. Al&eacute;m disso, criar&aacute; a Secretaria de Inclus&atilde;o Digital, que vai gerir todos os programas do governo federal na &aacute;rea. Em audi&ecirc;ncia p&uacute;blica na Comiss&atilde;o de Ci&ecirc;ncia e Tecnologia do Senado, o ministro da pasta, Paulo Bernardo, informou que o calend&aacute;rio &hellip; <a href=\"https:\/\/obscom.intervozes.org.br\/?p=25431\" class=\"more-link\">Continue lendo <span class=\"screen-reader-text\">Minist\u00e9rio das Comunica\u00e7\u00f5es lan\u00e7ar\u00e1 nove editais para r\u00e1dios comunit\u00e1rias<\/span> <span class=\"meta-nav\">&rarr;<\/span><\/a><\/p>\n","protected":false},"author":1,"featured_media":0,"comment_status":"open","ping_status":"open","sticky":false,"template":"","format":"standard","meta":{"footnotes":""},"categories":[40],"tags":[106],"_links":{"self":[{"href":"https:\/\/obscom.intervozes.org.br\/index.php?rest_route=\/wp\/v2\/posts\/25431"}],"collection":[{"href":"https:\/\/obscom.intervozes.org.br\/index.php?rest_route=\/wp\/v2\/posts"}],"about":[{"href":"https:\/\/obscom.intervozes.org.br\/index.php?rest_route=\/wp\/v2\/types\/post"}],"author":[{"embeddable":true,"href":"https:\/\/obscom.intervozes.org.br\/index.php?rest_route=\/wp\/v2\/users\/1"}],"replies":[{"embeddable":true,"href":"https:\/\/obscom.intervozes.org.br\/index.php?rest_route=%2Fwp%2Fv2%2Fcomments&post=25431"}],"version-history":[{"count":0,"href":"https:\/\/obscom.intervozes.org.br\/index.php?rest_route=\/wp\/v2\/posts\/25431\/revisions"}],"wp:attachment":[{"href":"https:\/\/obscom.intervozes.org.br\/index.php?rest_route=%2Fwp%2Fv2%2Fmedia&parent=25431"}],"wp:term":[{"taxonomy":"category","embeddable":true,"href":"https:\/\/obscom.intervozes.org.br\/index.php?rest_route=%2Fwp%2Fv2%2Fcategories&post=25431"},{"taxonomy":"post_tag","embeddable":true,"href":"https:\/\/obscom.intervozes.org.br\/index.php?rest_route=%2Fwp%2Fv2%2Ftags&post=25431"}],"curies":[{"name":"wp","href":"https:\/\/api.w.org\/{rel}","templated":true}]}}