{"id":25429,"date":"2011-03-16T17:30:40","date_gmt":"2011-03-16T17:30:40","guid":{"rendered":"https:\/\/obscom.intervozes.org.br\/wordpress\/?p=25429"},"modified":"2011-03-16T17:30:40","modified_gmt":"2011-03-16T17:30:40","slug":"frente-parlamentar-pela-liberdade-de-expressao-sera-lancada-em-19-de-abril","status":"publish","type":"post","link":"https:\/\/obscom.intervozes.org.br\/?p=25429","title":{"rendered":"Frente parlamentar pela liberdade de express\u00e3o ser\u00e1 lan\u00e7ada em 19 de abril"},"content":{"rendered":"<p class=\"padrao\">Deputados e organiza&ccedil;&otilde;es da sociedade civil se reuniram nesta quarta-feira (16) pela segunda vez este ano para pensar as estrat&eacute;gias de efetiva&ccedil;&atilde;o da Frente Parlamentar pela Liberdade de Express&atilde;o e o Direito &agrave; Comunica&ccedil;&atilde;o com Participa&ccedil;&atilde;o Popular. O desafio mais imediato &eacute; conseguir as 171 assinaturas dos parlamentares da C&acirc;mara exigidas para criar a Frente. At&eacute; agora, j&aacute; foram contabilizadas 94. <\/p>\n<p class=\"padrao\">Boa parte da reuni&atilde;o foi tomada para discutir quest&otilde;es referentes ao ato de lan&ccedil;amento da Frente, que ocorrer&aacute; em 19 de abril deste ano, na C&acirc;mara, &agrave;s 14h. Os presentes esperam que o ato seja plural politicamente e conte com as mais diversas organiza&ccedil;&otilde;es da sociedade. &ldquo;&Eacute; a atividade de maior import&acirc;ncia depois da Confer&ecirc;ncia Nacional de Comunica&ccedil;&atilde;o&rdquo;, avalia Altamiro Borges, presidente do Centro de Estudos da M&iacute;dia Alternativa Bar&atilde;o de Itarar&eacute;. <\/p>\n<p class=\"padrao\">Em breve ser&aacute; divulgado o manifesto da Frente, que tamb&eacute;m foi aprovado na reuni&atilde;o desta quarta-feira. Entre seus objetivos est&aacute; a promo&ccedil;&atilde;o, o acompanhamento e a defesa de iniciativas que ampliem o exerc&iacute;cio do direito humano &agrave; liberdade de express&atilde;o e do direito &agrave; comunica&ccedil;&atilde;o. Uma das principais preocupa&ccedil;&otilde;es dos deputados &eacute; fazer valer o interesse p&uacute;blico na proposta de revis&atilde;o do marco regulat&oacute;rio que deve ser enviado ainda este ano pelo Governo Federal ao Congresso. <\/p>\n<p class=\"padrao\">Al&eacute;m de v&aacute;rias organiza&ccedil;&otilde;es da sociedade civil, participaram desta segunda reuni&atilde;o os deputados Emiliano Jos&eacute; (PT\/BA) e Paulo Rubem Santiago (PDT\/PE).<\/p>\n","protected":false},"excerpt":{"rendered":"<p>Deputados e organiza&ccedil;&otilde;es da sociedade civil se reuniram nesta quarta-feira (16) pela segunda vez este ano para pensar as estrat&eacute;gias de efetiva&ccedil;&atilde;o da Frente Parlamentar pela Liberdade de Express&atilde;o e o Direito &agrave; Comunica&ccedil;&atilde;o com Participa&ccedil;&atilde;o Popular. O desafio mais imediato &eacute; conseguir as 171 assinaturas dos parlamentares da C&acirc;mara exigidas para criar a Frente. &hellip; <a href=\"https:\/\/obscom.intervozes.org.br\/?p=25429\" class=\"more-link\">Continue lendo <span class=\"screen-reader-text\">Frente parlamentar pela liberdade de express\u00e3o ser\u00e1 lan\u00e7ada em 19 de abril<\/span> <span class=\"meta-nav\">&rarr;<\/span><\/a><\/p>\n","protected":false},"author":1,"featured_media":0,"comment_status":"open","ping_status":"open","sticky":false,"template":"","format":"standard","meta":{"footnotes":""},"categories":[39],"tags":[],"_links":{"self":[{"href":"https:\/\/obscom.intervozes.org.br\/index.php?rest_route=\/wp\/v2\/posts\/25429"}],"collection":[{"href":"https:\/\/obscom.intervozes.org.br\/index.php?rest_route=\/wp\/v2\/posts"}],"about":[{"href":"https:\/\/obscom.intervozes.org.br\/index.php?rest_route=\/wp\/v2\/types\/post"}],"author":[{"embeddable":true,"href":"https:\/\/obscom.intervozes.org.br\/index.php?rest_route=\/wp\/v2\/users\/1"}],"replies":[{"embeddable":true,"href":"https:\/\/obscom.intervozes.org.br\/index.php?rest_route=%2Fwp%2Fv2%2Fcomments&post=25429"}],"version-history":[{"count":0,"href":"https:\/\/obscom.intervozes.org.br\/index.php?rest_route=\/wp\/v2\/posts\/25429\/revisions"}],"wp:attachment":[{"href":"https:\/\/obscom.intervozes.org.br\/index.php?rest_route=%2Fwp%2Fv2%2Fmedia&parent=25429"}],"wp:term":[{"taxonomy":"category","embeddable":true,"href":"https:\/\/obscom.intervozes.org.br\/index.php?rest_route=%2Fwp%2Fv2%2Fcategories&post=25429"},{"taxonomy":"post_tag","embeddable":true,"href":"https:\/\/obscom.intervozes.org.br\/index.php?rest_route=%2Fwp%2Fv2%2Ftags&post=25429"}],"curies":[{"name":"wp","href":"https:\/\/api.w.org\/{rel}","templated":true}]}}