{"id":25426,"date":"2011-03-16T12:57:47","date_gmt":"2011-03-16T12:57:47","guid":{"rendered":"https:\/\/obscom.intervozes.org.br\/wordpress\/?p=25426"},"modified":"2011-03-16T12:57:47","modified_gmt":"2011-03-16T12:57:47","slug":"divergencia-no-congresso-adia-votacao-do-pl-que-altera-o-fust","status":"publish","type":"post","link":"https:\/\/obscom.intervozes.org.br\/?p=25426","title":{"rendered":"Diverg\u00eancia no Congresso adia vota\u00e7\u00e3o do PL que altera o FUST"},"content":{"rendered":"<p><span class=\"padrao\">O presidente da C&acirc;mara Marco Maia havia previsto a vota&ccedil;&atilde;o desse projeto em sess&atilde;o extraordin&aacute;ria na tarde desta ter&ccedil;a (15). O l&iacute;der do governo na C&acirc;mara, C&acirc;ndido Vaccarezza (PT-SP), disse que ainda n&atilde;o h&aacute; acordo para vota&ccedil;&otilde;es no plen&aacute;rio.<\/p>\n<p>No texto atual, a lei estabelece que o fust tem como finalidade destinar recursos para o custo da universaliza&ccedil;&atilde;o dos servi&ccedil;os de telecomunica&ccedil;&atilde;o.<\/p>\n<p>O PL 1.481\/07 &eacute; de autoria do senador Aloizio Mercadante (PT\/SP), mas passou por profundas mudan&ccedil;as na C&acirc;mara dos Deputados. O objetivo inicial do projeto era assegurar que as escolas p&uacute;blicas tivessem acesso &agrave; Internet, usando para isso os recursos do Fust. Na C&acirc;mara, o deputado-relator, Paulo Henrique Lustosa (PMDB\/CE), ampliou o escopo da proposta. O Projeto de Lei inclui o financiamento de quaisquer iniciativas voltadas a ampliar o acesso de servi&ccedil;os em regime p&uacute;blico ou privado.<\/p>\n<p>O pesquisador Jo&atilde;o Brant, do coletivo Intervozes, disse que o texto pode parecer positivo &agrave; primeira vista. Contudo, Brant afirma que o PL abre o Fust para qualquer uso, ao retirar o ponto que trata das finalidades a rela&ccedil;&atilde;o do seu uso com os planos gerais de metas de universaliza&ccedil;&atilde;o.<\/p>\n<p>Dessa forma, o Projeto de Lei possibilita que os recursos do fundo sejam usados para outras finalidades, mesmo que os servi&ccedil;os de telecomunica&ccedil;&atilde;o, como a telefonia, n&atilde;o atendam a todas as pessoas.<\/p>\n<p>Na opini&atilde;o do pesquisador, texto promove uma imensa transfer&ecirc;ncia de renda dos consumidores para as empresas de telecomunica&ccedil;&otilde;es.<\/p>\n<p>Desde que foi criado, em 1999, o fundo de universaliza&ccedil;&atilde;o das telecomunica&ccedil;&otilde;es foi usado uma &uacute;nica vez em um projeto de acessibilidade que necessitou de apenas 0,1% do total de recursos acumulados na &eacute;poca. Atualmente, o fundo possui mais de R$ 7 bilh&otilde;es arrecadados e cresce cerca de R$ 700 milh&otilde;es ao ano.<\/span><\/p>\n","protected":false},"excerpt":{"rendered":"<p>O presidente da C&acirc;mara Marco Maia havia previsto a vota&ccedil;&atilde;o desse projeto em sess&atilde;o extraordin&aacute;ria na tarde desta ter&ccedil;a (15). O l&iacute;der do governo na C&acirc;mara, C&acirc;ndido Vaccarezza (PT-SP), disse que ainda n&atilde;o h&aacute; acordo para vota&ccedil;&otilde;es no plen&aacute;rio. No texto atual, a lei estabelece que o fust tem como finalidade destinar recursos para o &hellip; <a href=\"https:\/\/obscom.intervozes.org.br\/?p=25426\" class=\"more-link\">Continue lendo <span class=\"screen-reader-text\">Diverg\u00eancia no Congresso adia vota\u00e7\u00e3o do PL que altera o FUST<\/span> <span class=\"meta-nav\">&rarr;<\/span><\/a><\/p>\n","protected":false},"author":1,"featured_media":0,"comment_status":"open","ping_status":"open","sticky":false,"template":"","format":"standard","meta":{"footnotes":""},"categories":[40],"tags":[1123],"_links":{"self":[{"href":"https:\/\/obscom.intervozes.org.br\/index.php?rest_route=\/wp\/v2\/posts\/25426"}],"collection":[{"href":"https:\/\/obscom.intervozes.org.br\/index.php?rest_route=\/wp\/v2\/posts"}],"about":[{"href":"https:\/\/obscom.intervozes.org.br\/index.php?rest_route=\/wp\/v2\/types\/post"}],"author":[{"embeddable":true,"href":"https:\/\/obscom.intervozes.org.br\/index.php?rest_route=\/wp\/v2\/users\/1"}],"replies":[{"embeddable":true,"href":"https:\/\/obscom.intervozes.org.br\/index.php?rest_route=%2Fwp%2Fv2%2Fcomments&post=25426"}],"version-history":[{"count":0,"href":"https:\/\/obscom.intervozes.org.br\/index.php?rest_route=\/wp\/v2\/posts\/25426\/revisions"}],"wp:attachment":[{"href":"https:\/\/obscom.intervozes.org.br\/index.php?rest_route=%2Fwp%2Fv2%2Fmedia&parent=25426"}],"wp:term":[{"taxonomy":"category","embeddable":true,"href":"https:\/\/obscom.intervozes.org.br\/index.php?rest_route=%2Fwp%2Fv2%2Fcategories&post=25426"},{"taxonomy":"post_tag","embeddable":true,"href":"https:\/\/obscom.intervozes.org.br\/index.php?rest_route=%2Fwp%2Fv2%2Ftags&post=25426"}],"curies":[{"name":"wp","href":"https:\/\/api.w.org\/{rel}","templated":true}]}}