{"id":25421,"date":"2011-03-15T16:49:17","date_gmt":"2011-03-15T16:49:17","guid":{"rendered":"https:\/\/obscom.intervozes.org.br\/wordpress\/?p=25421"},"modified":"2011-03-15T16:49:17","modified_gmt":"2011-03-15T16:49:17","slug":"mdic-discute-producao-de-conteudo","status":"publish","type":"post","link":"https:\/\/obscom.intervozes.org.br\/?p=25421","title":{"rendered":"MDIC discute produ\u00e7\u00e3o de conte\u00fado"},"content":{"rendered":"<p><span class=\"padrao\">A Secretaria de Inova&ccedil;&atilde;o do Minist&eacute;rio do Desenvolvimento, Ind&uacute;stria e Com&eacute;rcio Exterior (MDIC) realiza a segunda reuni&atilde;o do Grupo de Trabalho sobre Conte&uacute;dos Digitais, nesta quarta-feira (16\/03), no Rio de Janeiro. O encontro faz parte da programa&ccedil;&atilde;o do Rio Content Market, evento internacional de conte&uacute;do multiplataforma, voltado para a ind&uacute;stria televisiva e m&iacute;dias digitais.<\/p>\n<p>Entre os assuntos em destaque est&aacute; a cria&ccedil;&atilde;o de um Programa Clusters de Anima&ccedil;&atilde;o e Jogos Eletr&ocirc;nicos voltados aos Arranjos Produtivos Locais. A id&eacute;ia &eacute; articular o setor empresarial, entidades de classe do setor audiovisual e institui&ccedil;&otilde;es de ensino com o objetivo de formular um projeto de n&uacute;cleo de excel&ecirc;ncia em capacita&ccedil;&atilde;o.<\/p>\n<p>Tamb&eacute;m vai ser discutida a formula&ccedil;&atilde;o de um projeto de est&iacute;mulo &agrave; produ&ccedil;&atilde;o de conte&uacute;dos digitais interativos. O objetivo &eacute; capacitar profissionais da &aacute;rea audiovisual para atender as demandas de conte&uacute;dos digitais multiplataformas oriundas do novo padr&atilde;o da televis&atilde;o brasileira de TV Digital, o ISDB.<\/p>\n<p> Grupo de Trabalho sobre Conte&uacute;dos Digitais est&aacute; ligado ao F&oacute;rum de Competitividade de Tecnologia da Informa&ccedil;&atilde;o, conduzido pela Secretaria de Inova&ccedil;&atilde;o do MDIC. Representantes de empresas de software, de entidades de pesquisa de computa&ccedil;&atilde;o e de empresas do setor de inform&aacute;tica tamb&eacute;m comp&otilde;em o GT sobre conte&uacute;dos digitais.<\/p>\n<p>A reuni&atilde;o marcada para o pr&oacute;ximo dia 16 tem a coordena&ccedil;&atilde;o do diretor do Departamento de Tecnologias Inovadoras, Jo&atilde;o Batista Lanari B&oacute;.<\/span><\/p>\n","protected":false},"excerpt":{"rendered":"<p>A Secretaria de Inova&ccedil;&atilde;o do Minist&eacute;rio do Desenvolvimento, Ind&uacute;stria e Com&eacute;rcio Exterior (MDIC) realiza a segunda reuni&atilde;o do Grupo de Trabalho sobre Conte&uacute;dos Digitais, nesta quarta-feira (16\/03), no Rio de Janeiro. O encontro faz parte da programa&ccedil;&atilde;o do Rio Content Market, evento internacional de conte&uacute;do multiplataforma, voltado para a ind&uacute;stria televisiva e m&iacute;dias digitais. Entre &hellip; <a href=\"https:\/\/obscom.intervozes.org.br\/?p=25421\" class=\"more-link\">Continue lendo <span class=\"screen-reader-text\">MDIC discute produ\u00e7\u00e3o de conte\u00fado<\/span> <span class=\"meta-nav\">&rarr;<\/span><\/a><\/p>\n","protected":false},"author":1,"featured_media":0,"comment_status":"open","ping_status":"open","sticky":false,"template":"","format":"standard","meta":{"footnotes":""},"categories":[40],"tags":[1502],"_links":{"self":[{"href":"https:\/\/obscom.intervozes.org.br\/index.php?rest_route=\/wp\/v2\/posts\/25421"}],"collection":[{"href":"https:\/\/obscom.intervozes.org.br\/index.php?rest_route=\/wp\/v2\/posts"}],"about":[{"href":"https:\/\/obscom.intervozes.org.br\/index.php?rest_route=\/wp\/v2\/types\/post"}],"author":[{"embeddable":true,"href":"https:\/\/obscom.intervozes.org.br\/index.php?rest_route=\/wp\/v2\/users\/1"}],"replies":[{"embeddable":true,"href":"https:\/\/obscom.intervozes.org.br\/index.php?rest_route=%2Fwp%2Fv2%2Fcomments&post=25421"}],"version-history":[{"count":0,"href":"https:\/\/obscom.intervozes.org.br\/index.php?rest_route=\/wp\/v2\/posts\/25421\/revisions"}],"wp:attachment":[{"href":"https:\/\/obscom.intervozes.org.br\/index.php?rest_route=%2Fwp%2Fv2%2Fmedia&parent=25421"}],"wp:term":[{"taxonomy":"category","embeddable":true,"href":"https:\/\/obscom.intervozes.org.br\/index.php?rest_route=%2Fwp%2Fv2%2Fcategories&post=25421"},{"taxonomy":"post_tag","embeddable":true,"href":"https:\/\/obscom.intervozes.org.br\/index.php?rest_route=%2Fwp%2Fv2%2Ftags&post=25421"}],"curies":[{"name":"wp","href":"https:\/\/api.w.org\/{rel}","templated":true}]}}