{"id":25420,"date":"2011-03-15T16:31:11","date_gmt":"2011-03-15T16:31:11","guid":{"rendered":"https:\/\/obscom.intervozes.org.br\/wordpress\/?p=25420"},"modified":"2011-03-15T16:31:11","modified_gmt":"2011-03-15T16:31:11","slug":"criada-frente-parlamentar-pela-democratizacao-da-comunicacao-e-da-cultura-do-rio","status":"publish","type":"post","link":"https:\/\/obscom.intervozes.org.br\/?p=25420","title":{"rendered":"Criada Frente Parlamentar pela Democratiza\u00e7\u00e3o da Comunica\u00e7\u00e3o e da Cultura do Rio"},"content":{"rendered":"<p><span class=\"padrao\">Foi aprovada na C&acirc;mara de Vereadores do Rio de Janeiro a proposta do vereador Reimont (PT) que cria a Frente Parlamentar pela Democratiza&ccedil;&atilde;o da Comunica&ccedil;&atilde;o e da Cultura. A Frente conta com a ades&atilde;o de mais de 26 parlamentares e ter&aacute; o vereador propositor como presidente.<\/p>\n<p>De acordo com a proposi&ccedil;&atilde;o, a qualquer momento os demais vereadores poder&atilde;o solicitar ades&atilde;o &agrave; Frente Parlamentar, para isso devem solicitar sua inclus&atilde;o ao presidente da casa. Ao contr&aacute;rio dos Blocos, as Frentes Parlamentares da C&acirc;mara n&atilde;o representam uma alian&ccedil;a partid&aacute;ria sob lideran&ccedil;a de um s&oacute; vereador. Elas prop&otilde;em a uni&atilde;o dos vereadores, independente de partidarismos, para a forma&ccedil;&atilde;o de um grupo que vise um interesse comum.<\/span><\/p>\n","protected":false},"excerpt":{"rendered":"<p>Foi aprovada na C&acirc;mara de Vereadores do Rio de Janeiro a proposta do vereador Reimont (PT) que cria a Frente Parlamentar pela Democratiza&ccedil;&atilde;o da Comunica&ccedil;&atilde;o e da Cultura. A Frente conta com a ades&atilde;o de mais de 26 parlamentares e ter&aacute; o vereador propositor como presidente. De acordo com a proposi&ccedil;&atilde;o, a qualquer momento os &hellip; <a href=\"https:\/\/obscom.intervozes.org.br\/?p=25420\" class=\"more-link\">Continue lendo <span class=\"screen-reader-text\">Criada Frente Parlamentar pela Democratiza\u00e7\u00e3o da Comunica\u00e7\u00e3o e da Cultura do Rio<\/span> <span class=\"meta-nav\">&rarr;<\/span><\/a><\/p>\n","protected":false},"author":1,"featured_media":0,"comment_status":"open","ping_status":"open","sticky":false,"template":"","format":"standard","meta":{"footnotes":""},"categories":[39],"tags":[],"_links":{"self":[{"href":"https:\/\/obscom.intervozes.org.br\/index.php?rest_route=\/wp\/v2\/posts\/25420"}],"collection":[{"href":"https:\/\/obscom.intervozes.org.br\/index.php?rest_route=\/wp\/v2\/posts"}],"about":[{"href":"https:\/\/obscom.intervozes.org.br\/index.php?rest_route=\/wp\/v2\/types\/post"}],"author":[{"embeddable":true,"href":"https:\/\/obscom.intervozes.org.br\/index.php?rest_route=\/wp\/v2\/users\/1"}],"replies":[{"embeddable":true,"href":"https:\/\/obscom.intervozes.org.br\/index.php?rest_route=%2Fwp%2Fv2%2Fcomments&post=25420"}],"version-history":[{"count":0,"href":"https:\/\/obscom.intervozes.org.br\/index.php?rest_route=\/wp\/v2\/posts\/25420\/revisions"}],"wp:attachment":[{"href":"https:\/\/obscom.intervozes.org.br\/index.php?rest_route=%2Fwp%2Fv2%2Fmedia&parent=25420"}],"wp:term":[{"taxonomy":"category","embeddable":true,"href":"https:\/\/obscom.intervozes.org.br\/index.php?rest_route=%2Fwp%2Fv2%2Fcategories&post=25420"},{"taxonomy":"post_tag","embeddable":true,"href":"https:\/\/obscom.intervozes.org.br\/index.php?rest_route=%2Fwp%2Fv2%2Ftags&post=25420"}],"curies":[{"name":"wp","href":"https:\/\/api.w.org\/{rel}","templated":true}]}}