{"id":25414,"date":"2011-03-14T12:34:14","date_gmt":"2011-03-14T12:34:14","guid":{"rendered":"https:\/\/obscom.intervozes.org.br\/wordpress\/?p=25414"},"modified":"2011-03-14T12:34:14","modified_gmt":"2011-03-14T12:34:14","slug":"processo-que-investiga-denuncia-de-irregularidades-em-licitacao-da-ebc-nao-foi-concluido","status":"publish","type":"post","link":"https:\/\/obscom.intervozes.org.br\/?p=25414","title":{"rendered":"Processo que investiga den\u00fancia de irregularidades em licita\u00e7\u00e3o da EBC n\u00e3o foi conclu\u00eddo"},"content":{"rendered":"<p><span class=\"padrao\">O ministro Ubiratan Aguiar, do Tribunal de Contas da Uni&atilde;o (TCU), afirmou hoje (10) que o processo que investiga den&uacute;ncias de irregularidades em licita&ccedil;&atilde;o realizada pela Empresa Brasil de Comunica&ccedil;&atilde;o (EBC) em dezembro de 2009 ainda n&atilde;o foi conclu&iacute;do.<\/p>\n<p>Procurado pela EBC, o ministro Ubiratan Aguiar informou que o processo ainda n&atilde;o foi conclu&iacute;do, ao contr&aacute;rio do que diz a reportagem Auditoria do TCU confirma fraude em licita&ccedil;&atilde;o de R$ 6,2 milh&otilde;es da TV Brasil, publicada na edi&ccedil;&atilde;o de hoje do jornal O Estado de S. Paulo. Segundo Aguiar, o processo ainda se encontra em fase de tramita&ccedil;&atilde;o t&eacute;cnica e n&atilde;o h&aacute; qualquer conclus&atilde;o oficial a respeito do tema.<\/p>\n<p>&ldquo;A mat&eacute;ria ainda n&atilde;o foi examinada pelo ministro relator, n&atilde;o havendo, portanto, qualquer conclus&atilde;o oficial. Est&aacute; sendo examinada no &acirc;mbito t&eacute;cnico, onde est&atilde;o sendo reunidas informa&ccedil;&otilde;es para despacho posterior. Nenhum julgamento, entretanto, ser&aacute; realizado sem observ&acirc;ncia do direito de defesa, vale dizer, sem ouvir os argumentos das partes envolvidas&rdquo;, disse.<\/p>\n<p>A EBC informou, por meio de nota, que n&atilde;o recebeu nenhuma notifica&ccedil;&atilde;o do TCU e reiterou que a licita&ccedil;&atilde;o n&atilde;o foi realizada &agrave;s pressas, conforme den&uacute;ncia anterior tamb&eacute;m publicada pelo jornal O Estado de S. Paulo.<\/p>\n<p>A reportagem, intitulada TV de Lula contrata por R$ 6 milh&otilde;es empresa onde atua filho de Franklin, de setembro do ano passado, trazia den&uacute;ncias de irregularidades na contrata&ccedil;&atilde;o da empresa Tecnet, respons&aacute;vel pelo gerenciamento do arquivo audiovisual da EBC.<\/p>\n<p>Na &eacute;poca, o ent&atilde;o ministro-chefe da Secretaria de Comunica&ccedil;&atilde;o Social da Presid&ecirc;ncia da Rep&uacute;blica (Secom), Franklin Martins, e o secret&aacute;rio executivo da EBC, Ricardo Collar, divulgaram nota afirmando que o processo, realizado por meio de preg&atilde;o eletr&ocirc;nico, foi legal e transparente e que venceu a empresa que ofereceu o menor pre&ccedil;o.<\/span><\/p>\n","protected":false},"excerpt":{"rendered":"<p>O ministro Ubiratan Aguiar, do Tribunal de Contas da Uni&atilde;o (TCU), afirmou hoje (10) que o processo que investiga den&uacute;ncias de irregularidades em licita&ccedil;&atilde;o realizada pela Empresa Brasil de Comunica&ccedil;&atilde;o (EBC) em dezembro de 2009 ainda n&atilde;o foi conclu&iacute;do. Procurado pela EBC, o ministro Ubiratan Aguiar informou que o processo ainda n&atilde;o foi conclu&iacute;do, ao &hellip; <a href=\"https:\/\/obscom.intervozes.org.br\/?p=25414\" class=\"more-link\">Continue lendo <span class=\"screen-reader-text\">Processo que investiga den\u00fancia de irregularidades em licita\u00e7\u00e3o da EBC n\u00e3o foi conclu\u00eddo<\/span> <span class=\"meta-nav\">&rarr;<\/span><\/a><\/p>\n","protected":false},"author":1,"featured_media":0,"comment_status":"open","ping_status":"open","sticky":false,"template":"","format":"standard","meta":{"footnotes":""},"categories":[40],"tags":[259],"_links":{"self":[{"href":"https:\/\/obscom.intervozes.org.br\/index.php?rest_route=\/wp\/v2\/posts\/25414"}],"collection":[{"href":"https:\/\/obscom.intervozes.org.br\/index.php?rest_route=\/wp\/v2\/posts"}],"about":[{"href":"https:\/\/obscom.intervozes.org.br\/index.php?rest_route=\/wp\/v2\/types\/post"}],"author":[{"embeddable":true,"href":"https:\/\/obscom.intervozes.org.br\/index.php?rest_route=\/wp\/v2\/users\/1"}],"replies":[{"embeddable":true,"href":"https:\/\/obscom.intervozes.org.br\/index.php?rest_route=%2Fwp%2Fv2%2Fcomments&post=25414"}],"version-history":[{"count":0,"href":"https:\/\/obscom.intervozes.org.br\/index.php?rest_route=\/wp\/v2\/posts\/25414\/revisions"}],"wp:attachment":[{"href":"https:\/\/obscom.intervozes.org.br\/index.php?rest_route=%2Fwp%2Fv2%2Fmedia&parent=25414"}],"wp:term":[{"taxonomy":"category","embeddable":true,"href":"https:\/\/obscom.intervozes.org.br\/index.php?rest_route=%2Fwp%2Fv2%2Fcategories&post=25414"},{"taxonomy":"post_tag","embeddable":true,"href":"https:\/\/obscom.intervozes.org.br\/index.php?rest_route=%2Fwp%2Fv2%2Ftags&post=25414"}],"curies":[{"name":"wp","href":"https:\/\/api.w.org\/{rel}","templated":true}]}}