{"id":25411,"date":"2011-03-14T12:02:34","date_gmt":"2011-03-14T12:02:34","guid":{"rendered":"https:\/\/obscom.intervozes.org.br\/wordpress\/?p=25411"},"modified":"2011-03-14T12:02:34","modified_gmt":"2011-03-14T12:02:34","slug":"presidente-da-camara-preve-votacao-do-pl-do-fust-na-terca","status":"publish","type":"post","link":"https:\/\/obscom.intervozes.org.br\/?p=25411","title":{"rendered":"Presidente da C\u00e2mara prev\u00ea vota\u00e7\u00e3o do PL do Fust na ter\u00e7a"},"content":{"rendered":"<p><span class=\"padrao\"><strong>Reda&ccedil;&atilde;o &#8211; Tele S&iacute;ntese<\/strong><\/p>\n<p>O presidente da C&acirc;mara, Marco Maia, anunciou nesta sexta-feira (11) que o Plen&aacute;rio poder&aacute; votar na ter&ccedil;a-feira (15), em sess&atilde;o extraordin&aacute;ria, o Projeto de Lei 1481\/07, que altera o uso do Fust (Fundo de Universaliza&ccedil;&atilde;o dos Servi&ccedil;os de Telecomunica&ccedil;&otilde;es) permitindo sua utiliza&ccedil;&atilde;o no financiamento da implementa&ccedil;&atilde;o de internet banda larga nas escolas p&uacute;blicas. Segundo ele, h&aacute; acordo entre a base governista e a oposi&ccedil;&atilde;o para vota&ccedil;&atilde;o da proposta. O assunto voltar&aacute; a ser debatido na pr&oacute;xima reuni&atilde;o de l&iacute;deres, antes de ir &agrave; vota&ccedil;&atilde;o.<\/p>\n<p>Caso seja aprovado, o projeto mudar&aacute; a destina&ccedil;&atilde;o de recursos do Fust para que eles possam ser usados para financiar programas, projetos e atividades de servi&ccedil;os de telecomunica&ccedil;&otilde;es prestados em regime privado, como o acesso &agrave; internet em banda larga.<\/p>\n<p>Atualmente, esses recursos s&oacute; podem ser usados por prestadoras p&uacute;blicas de servi&ccedil;o. Um exemplo da destina&ccedil;&atilde;o do fundo &eacute; a implementa&ccedil;&atilde;o do Plano de Metas para a Universaliza&ccedil;&atilde;o do Servi&ccedil;o Telef&ocirc;nico Fixo Comutado (PMU) em localidades com menos de 100 habitantes. Nesses vilarejos, cabe ao governo instalar orelh&otilde;es com recursos do fundo. Em locais com at&eacute; 600 habitantes, o Fust &eacute; usado para financiar a instala&ccedil;&atilde;o de telefones residenciais.<\/p>\n<p>O fundo &eacute; formado pela contribui&ccedil;&atilde;o de empresas prestadoras de servi&ccedil;os de telecomunica&ccedil;&otilde;es, de 1% de sua receita operacional mensal com a presta&ccedil;&atilde;o de servi&ccedil;os. A arrecada&ccedil;&atilde;o &eacute; de cerca de R$ 800 milh&otilde;es por ano.<\/span><\/p>\n","protected":false},"excerpt":{"rendered":"<p>Reda&ccedil;&atilde;o &#8211; Tele S&iacute;ntese O presidente da C&acirc;mara, Marco Maia, anunciou nesta sexta-feira (11) que o Plen&aacute;rio poder&aacute; votar na ter&ccedil;a-feira (15), em sess&atilde;o extraordin&aacute;ria, o Projeto de Lei 1481\/07, que altera o uso do Fust (Fundo de Universaliza&ccedil;&atilde;o dos Servi&ccedil;os de Telecomunica&ccedil;&otilde;es) permitindo sua utiliza&ccedil;&atilde;o no financiamento da implementa&ccedil;&atilde;o de internet banda larga nas &hellip; <a href=\"https:\/\/obscom.intervozes.org.br\/?p=25411\" class=\"more-link\">Continue lendo <span class=\"screen-reader-text\">Presidente da C\u00e2mara prev\u00ea vota\u00e7\u00e3o do PL do Fust na ter\u00e7a<\/span> <span class=\"meta-nav\">&rarr;<\/span><\/a><\/p>\n","protected":false},"author":1,"featured_media":0,"comment_status":"open","ping_status":"open","sticky":false,"template":"","format":"standard","meta":{"footnotes":""},"categories":[39],"tags":[],"_links":{"self":[{"href":"https:\/\/obscom.intervozes.org.br\/index.php?rest_route=\/wp\/v2\/posts\/25411"}],"collection":[{"href":"https:\/\/obscom.intervozes.org.br\/index.php?rest_route=\/wp\/v2\/posts"}],"about":[{"href":"https:\/\/obscom.intervozes.org.br\/index.php?rest_route=\/wp\/v2\/types\/post"}],"author":[{"embeddable":true,"href":"https:\/\/obscom.intervozes.org.br\/index.php?rest_route=\/wp\/v2\/users\/1"}],"replies":[{"embeddable":true,"href":"https:\/\/obscom.intervozes.org.br\/index.php?rest_route=%2Fwp%2Fv2%2Fcomments&post=25411"}],"version-history":[{"count":0,"href":"https:\/\/obscom.intervozes.org.br\/index.php?rest_route=\/wp\/v2\/posts\/25411\/revisions"}],"wp:attachment":[{"href":"https:\/\/obscom.intervozes.org.br\/index.php?rest_route=%2Fwp%2Fv2%2Fmedia&parent=25411"}],"wp:term":[{"taxonomy":"category","embeddable":true,"href":"https:\/\/obscom.intervozes.org.br\/index.php?rest_route=%2Fwp%2Fv2%2Fcategories&post=25411"},{"taxonomy":"post_tag","embeddable":true,"href":"https:\/\/obscom.intervozes.org.br\/index.php?rest_route=%2Fwp%2Fv2%2Ftags&post=25411"}],"curies":[{"name":"wp","href":"https:\/\/api.w.org\/{rel}","templated":true}]}}