{"id":25410,"date":"2011-03-14T11:16:53","date_gmt":"2011-03-14T11:16:53","guid":{"rendered":"https:\/\/obscom.intervozes.org.br\/wordpress\/?p=25410"},"modified":"2011-03-14T11:16:53","modified_gmt":"2011-03-14T11:16:53","slug":"empresas-publicas-de-tele-e-radiodifusao-protagonizam-cenario-de-convergencias-no-uruguai","status":"publish","type":"post","link":"https:\/\/obscom.intervozes.org.br\/?p=25410","title":{"rendered":"Empresas p\u00fablicas de tele e radiodifus\u00e3o protagonizam cen\u00e1rio de converg\u00eancias no Uruguai"},"content":{"rendered":"<p><span class=\"padrao\">As duas principais emissoras p&uacute;blicas de radiodifus&atilde;o uruguaias a Televisi&oacute;n Nacional (TNU) e Tv Ciudad ser&atilde;o as pioneiras na transmiss&atilde;o do sinal digital do pa&iacute;s. A gera&ccedil;&atilde;o do sinal digital est&aacute; programada para ter in&iacute;cio em Montevid&eacute;u e na sua regi&atilde;o metropolitana at&eacute; o fim 2011.<\/p>\n<p>O modelo adotado no Uruguai &eacute; o modelo nipo-brasileiro, ISDB-T (Integrated Services Digital Broadcasting Terrestrial). O pa&iacute;s chegou a anunciar o modelo europeu durante a presid&ecirc;ncia de Tabar&eacute; V&aacute;zquez, por&eacute;m sofreu altera&ccedil;&atilde;o na gest&atilde;o de Jos&eacute; Mujica.<\/p>\n<p>O Brasil acenou com ajuda de U$S 290 milh&otilde;es para o programa digital uruguaio, enquanto o governo japon&ecirc;s deve aprovar ainda neste m&ecirc;s U$S 4 milh&otilde;es de dol&aacute;res para as emissoras p&uacute;blicas se digitalizarem. Por enquanto apenas recursos oriundos da iniciativa privada, com investimentos de US$ 7,5 milh&otilde;es foram deslocados para fabricar os codificadores, que custam na faixa U$S 100 d&oacute;lares no Mercosul. Tantos os investimentos do governo japon&ecirc;s, quanto das empresas brasileiras integram pacote de contrapartidas ao pa&iacute;s.<\/p>\n<p><strong>Interatividade<\/strong><\/p>\n<p>A Administraci&oacute;n Nacional de Telecomunicaciones (Antel) utiliza o slogan &quot;La Empresa de Comunicacion de los Uruguayos&quot; por deter a exclusividade da telefonia fixa, liderar a telefonia m&oacute;vel com 44% do mercado e ser respons&aacute;vel por mais de 90% dos lares com acesso a internet.<\/p>\n<p>Em pleno s&aacute;bado de carnaval o jornal La Rep&uacute;lica &#8211; identificado historicamente com a Frente-Amplista, que integra a base do governo do presidente Jos&eacute; Mujica &#8211; anunciou que Antel instalar&aacute; a TV Interativa Digital por linha telef&ocirc;nica atrav&eacute;s da fibra &oacute;tica. A fase inicial ser&aacute; ainda em 2011, atingir&aacute; a zona costeira de Montevid&eacute;u e permitir&aacute; ao cidad&atilde;o escolher com o controle remoto filmes ou programas que deseja assistir, independente do hor&aacute;rio que estejam vinculados na grade de programa&ccedil;&atilde;o.<\/p>\n<p>A fibra &oacute;tica da Antel tamb&eacute;m chegar&aacute; a 350 centro educacionais no pa&iacute;s para provimento de internet e at&eacute; o fim do ano a meta &eacute; que o servi&ccedil;o atinja 700 mil lares e assim amplie-se o quadro de apenas 43 usu&aacute;rios conectados a internet a 100 habitantes.<\/p>\n<p><strong>Am&eacute;rica Latina<\/strong><\/p>\n<p>Ao todo oito pa&iacute;ses na Am&eacute;rica Latina j&aacute; adotaram o modelo nipo-brasileiro, al&eacute;m do Uruguai: Argentina, Paraguai, Costa Rica, Venezuela, Equador, Chile e Peru. A Col&ocirc;mbia e o Panam&aacute; optaram pelo modelo europeu e o M&eacute;xico pelo norte-americano. <\/span><\/p>\n<p>&nbsp;<\/p>\n<p>&nbsp;<\/p>\n","protected":false},"excerpt":{"rendered":"<p>Inicio da transmiss&atilde;o do sinal digital est&aacute; previsto para este ano nos dois canais p&uacute;blicos de TV com interatividade garantida por estatal de telefonia<\/p>\n","protected":false},"author":1,"featured_media":0,"comment_status":"open","ping_status":"open","sticky":false,"template":"","format":"standard","meta":{"footnotes":""},"categories":[40],"tags":[79],"_links":{"self":[{"href":"https:\/\/obscom.intervozes.org.br\/index.php?rest_route=\/wp\/v2\/posts\/25410"}],"collection":[{"href":"https:\/\/obscom.intervozes.org.br\/index.php?rest_route=\/wp\/v2\/posts"}],"about":[{"href":"https:\/\/obscom.intervozes.org.br\/index.php?rest_route=\/wp\/v2\/types\/post"}],"author":[{"embeddable":true,"href":"https:\/\/obscom.intervozes.org.br\/index.php?rest_route=\/wp\/v2\/users\/1"}],"replies":[{"embeddable":true,"href":"https:\/\/obscom.intervozes.org.br\/index.php?rest_route=%2Fwp%2Fv2%2Fcomments&post=25410"}],"version-history":[{"count":0,"href":"https:\/\/obscom.intervozes.org.br\/index.php?rest_route=\/wp\/v2\/posts\/25410\/revisions"}],"wp:attachment":[{"href":"https:\/\/obscom.intervozes.org.br\/index.php?rest_route=%2Fwp%2Fv2%2Fmedia&parent=25410"}],"wp:term":[{"taxonomy":"category","embeddable":true,"href":"https:\/\/obscom.intervozes.org.br\/index.php?rest_route=%2Fwp%2Fv2%2Fcategories&post=25410"},{"taxonomy":"post_tag","embeddable":true,"href":"https:\/\/obscom.intervozes.org.br\/index.php?rest_route=%2Fwp%2Fv2%2Ftags&post=25410"}],"curies":[{"name":"wp","href":"https:\/\/api.w.org\/{rel}","templated":true}]}}