{"id":25400,"date":"2011-03-03T15:38:25","date_gmt":"2011-03-03T15:38:25","guid":{"rendered":"https:\/\/obscom.intervozes.org.br\/wordpress\/?p=25400"},"modified":"2011-03-03T15:38:25","modified_gmt":"2011-03-03T15:38:25","slug":"acesso-a-internet-pode-ser-incluido-como-direito-social-na-constituicao","status":"publish","type":"post","link":"https:\/\/obscom.intervozes.org.br\/?p=25400","title":{"rendered":"Acesso \u00e0 internet pode ser inclu\u00eddo como direito social na Constitui\u00e7\u00e3o"},"content":{"rendered":"<p><span class=\"padrao\">A inclus&atilde;o digital poder&aacute; ser inserida na lista de direitos sociais estabelecida pela Constitui&ccedil;&atilde;o Federal. O prec&aacute;rio acesso &agrave; internet constatado entre estudantes pobres, negros e moradores de regi&otilde;es menos desenvolvidas do pa&iacute;s motivou o senador Rodrigo Rollemberg (PSB-DF) a enfrentar essa realidade por meio de uma proposta de emenda &agrave; Constitui&ccedil;&atilde;o (PEC 6\/11), em tramita&ccedil;&atilde;o na Comiss&atilde;o de Constitui&ccedil;&atilde;o, Justi&ccedil;a e Cidadania (CCJ).<\/p>\n<p>Apesar de registrar avan&ccedil;os em suas redes de telecomunica&ccedil;&otilde;es, o Brasil ocupava, em 2008, a 69&ordf; posi&ccedil;&atilde;o entre 193 pa&iacute;ses com acesso &agrave; internet listados pela Uni&atilde;o Internacional de Telecomunica&ccedil;&otilde;es (UIT). Bem atr&aacute;s de pa&iacute;ses como Austr&aacute;lia, Holanda, Su&eacute;cia e Isl&acirc;ndia, onde 70% a 90% da popula&ccedil;&atilde;o se conectam &agrave; rede mundial de computadores, o Brasil &#8211; com apenas 17,2% de sua popula&ccedil;&atilde;o, &agrave; &eacute;poca, inserida no mundo virtual &#8211; tamb&eacute;m perdia posi&ccedil;&atilde;o em rela&ccedil;&atilde;o aos vizinhos Argentina (17,8%), Uruguai (20,6%) e Chile (28,9%).<\/p>\n<p>&quot;O pior &eacute; que essa m&eacute;dia baixa de inclus&atilde;o digital encobre desigualdades extremas&quot;, alerta Rollemberg na justifica&ccedil;&atilde;o da PEC.<\/p>\n<p>Essa advert&ecirc;ncia encontrou respaldo no estudo &quot;L&aacute;pis, Borracha e Teclado&quot;, realizado pelo pesquisador Julio Jacobo Waiselfisz em 2007. O levantamento apurou que, entre os 10% mais pobres, apenas 0,6% tinham acesso a computador com internet, &iacute;ndice que alcan&ccedil;ava 56,3% entre os 10% mais ricos. Na an&aacute;lise por ra&ccedil;a, constatou que apenas 13,3% dos negros usavam a internet, realidade presente entre 28,3% dos brasileiros brancos. As disparidades regionais tamb&eacute;m se reproduzem nessa &aacute;rea. Enquanto o &iacute;ndice de acesso &agrave; rede mundial de computadores chegava a 26,6% no Sul,limitava-se a 11,9% no Nordeste.<\/p>\n<p>O estudo citado mostrou ainda &#8211; assinala Rollemberg &#8211; profundas desigualdades no ambiente escolar. Revelou, por exemplo, uma dist&acirc;ncia expressiva na inclus&atilde;o digital entre alunos do ensino m&eacute;dio p&uacute;blico (37,3%) e privado (83,6%). O parlamentar teme que esse cen&aacute;rio possa comprometer o futuro do pa&iacute;s ao reduzir as oportunidades educacionais, sociais e profissionais dos brasileiros vitimados por esse &quot;apartheid digital&quot;.<\/p>\n<p>&quot;O desfrute de muitos direitos do cidad&atilde;o, como o da informa&ccedil;&atilde;o, o da educa&ccedil;&atilde;o, o do trabalho e o da remunera&ccedil;&atilde;o digna, depende cada vez mais do acesso &agrave;s novas tecnologias de informa&ccedil;&atilde;o e comunica&ccedil;&atilde;o. Da&iacute; a necessidade de incluir tal acesso como um direito constitucional&quot;, afirma Rollemberg.<\/span><\/p>\n","protected":false},"excerpt":{"rendered":"<p>A inclus&atilde;o digital poder&aacute; ser inserida na lista de direitos sociais estabelecida pela Constitui&ccedil;&atilde;o Federal. O prec&aacute;rio acesso &agrave; internet constatado entre estudantes pobres, negros e moradores de regi&otilde;es menos desenvolvidas do pa&iacute;s motivou o senador Rodrigo Rollemberg (PSB-DF) a enfrentar essa realidade por meio de uma proposta de emenda &agrave; Constitui&ccedil;&atilde;o (PEC 6\/11), em &hellip; <a href=\"https:\/\/obscom.intervozes.org.br\/?p=25400\" class=\"more-link\">Continue lendo <span class=\"screen-reader-text\">Acesso \u00e0 internet pode ser inclu\u00eddo como direito social na Constitui\u00e7\u00e3o<\/span> <span class=\"meta-nav\">&rarr;<\/span><\/a><\/p>\n","protected":false},"author":1,"featured_media":0,"comment_status":"open","ping_status":"open","sticky":false,"template":"","format":"standard","meta":{"footnotes":""},"categories":[40],"tags":[105],"_links":{"self":[{"href":"https:\/\/obscom.intervozes.org.br\/index.php?rest_route=\/wp\/v2\/posts\/25400"}],"collection":[{"href":"https:\/\/obscom.intervozes.org.br\/index.php?rest_route=\/wp\/v2\/posts"}],"about":[{"href":"https:\/\/obscom.intervozes.org.br\/index.php?rest_route=\/wp\/v2\/types\/post"}],"author":[{"embeddable":true,"href":"https:\/\/obscom.intervozes.org.br\/index.php?rest_route=\/wp\/v2\/users\/1"}],"replies":[{"embeddable":true,"href":"https:\/\/obscom.intervozes.org.br\/index.php?rest_route=%2Fwp%2Fv2%2Fcomments&post=25400"}],"version-history":[{"count":0,"href":"https:\/\/obscom.intervozes.org.br\/index.php?rest_route=\/wp\/v2\/posts\/25400\/revisions"}],"wp:attachment":[{"href":"https:\/\/obscom.intervozes.org.br\/index.php?rest_route=%2Fwp%2Fv2%2Fmedia&parent=25400"}],"wp:term":[{"taxonomy":"category","embeddable":true,"href":"https:\/\/obscom.intervozes.org.br\/index.php?rest_route=%2Fwp%2Fv2%2Fcategories&post=25400"},{"taxonomy":"post_tag","embeddable":true,"href":"https:\/\/obscom.intervozes.org.br\/index.php?rest_route=%2Fwp%2Fv2%2Ftags&post=25400"}],"curies":[{"name":"wp","href":"https:\/\/api.w.org\/{rel}","templated":true}]}}