{"id":25399,"date":"2011-03-03T15:32:49","date_gmt":"2011-03-03T15:32:49","guid":{"rendered":"https:\/\/obscom.intervozes.org.br\/wordpress\/?p=25399"},"modified":"2011-03-03T15:32:49","modified_gmt":"2011-03-03T15:32:49","slug":"subcomissao-pode-discutir-marco-regulatorio-da-comunicacao","status":"publish","type":"post","link":"https:\/\/obscom.intervozes.org.br\/?p=25399","title":{"rendered":"Subcomiss\u00e3o pode discutir marco regulat\u00f3rio da comunica\u00e7\u00e3o"},"content":{"rendered":"<p><span class=\"padrao\"><strong>Djalba Lima &#8211; Ag&ecirc;ncia Senado<\/strong><\/p>\n<p>Uma proposta em estudo pelo governo federal, a do marco regulat&oacute;rio da comunica&ccedil;&atilde;o, deve gerar pol&ecirc;mica na pr&oacute;xima reuni&atilde;o da Comiss&atilde;o de Ci&ecirc;ncia, Tecnologia, Inova&ccedil;&atilde;o, Comunica&ccedil;&atilde;o e Inform&aacute;tica (CCT), prevista para 16 de mar&ccedil;o. Foi adiado para esse dia o exame de um requerimento do senador Flexa Ribeiro (PSDB-PA) pedindo a cria&ccedil;&atilde;o de uma subcomiss&atilde;o para tratar do projeto.<\/p>\n<p>Por sugest&atilde;o do presidente da comiss&atilde;o, senador Eduardo Braga (PMDB-AM), Flexa Ribeiro concordou com o adiamento da vota&ccedil;&atilde;o do requerimento, que deve voltar &agrave; pauta.<\/p>\n<p>A discuss&atilde;o do marco regulat&oacute;rio come&ccedil;ou no segundo governo Lula (2006-2010), com a constata&ccedil;&atilde;o de que cada vez mais as fronteiras entre radiodifus&atilde;o e telecomunica&ccedil;&atilde;o v&atilde;o se diluindo, na chamada converg&ecirc;ncia de m&iacute;dias.<\/p>\n<p>O projeto gerou desconfian&ccedil;a entre profissionais e empres&aacute;rios de comunica&ccedil;&atilde;o, que apontaram amea&ccedil;as &agrave; livre express&atilde;o decorrentes de um suposto controle social da m&iacute;dia.<\/span><\/p>\n","protected":false},"excerpt":{"rendered":"<p>Djalba Lima &#8211; Ag&ecirc;ncia Senado Uma proposta em estudo pelo governo federal, a do marco regulat&oacute;rio da comunica&ccedil;&atilde;o, deve gerar pol&ecirc;mica na pr&oacute;xima reuni&atilde;o da Comiss&atilde;o de Ci&ecirc;ncia, Tecnologia, Inova&ccedil;&atilde;o, Comunica&ccedil;&atilde;o e Inform&aacute;tica (CCT), prevista para 16 de mar&ccedil;o. Foi adiado para esse dia o exame de um requerimento do senador Flexa Ribeiro (PSDB-PA) pedindo &hellip; <a href=\"https:\/\/obscom.intervozes.org.br\/?p=25399\" class=\"more-link\">Continue lendo <span class=\"screen-reader-text\">Subcomiss\u00e3o pode discutir marco regulat\u00f3rio da comunica\u00e7\u00e3o<\/span> <span class=\"meta-nav\">&rarr;<\/span><\/a><\/p>\n","protected":false},"author":1,"featured_media":0,"comment_status":"open","ping_status":"open","sticky":false,"template":"","format":"standard","meta":{"footnotes":""},"categories":[39],"tags":[],"_links":{"self":[{"href":"https:\/\/obscom.intervozes.org.br\/index.php?rest_route=\/wp\/v2\/posts\/25399"}],"collection":[{"href":"https:\/\/obscom.intervozes.org.br\/index.php?rest_route=\/wp\/v2\/posts"}],"about":[{"href":"https:\/\/obscom.intervozes.org.br\/index.php?rest_route=\/wp\/v2\/types\/post"}],"author":[{"embeddable":true,"href":"https:\/\/obscom.intervozes.org.br\/index.php?rest_route=\/wp\/v2\/users\/1"}],"replies":[{"embeddable":true,"href":"https:\/\/obscom.intervozes.org.br\/index.php?rest_route=%2Fwp%2Fv2%2Fcomments&post=25399"}],"version-history":[{"count":0,"href":"https:\/\/obscom.intervozes.org.br\/index.php?rest_route=\/wp\/v2\/posts\/25399\/revisions"}],"wp:attachment":[{"href":"https:\/\/obscom.intervozes.org.br\/index.php?rest_route=%2Fwp%2Fv2%2Fmedia&parent=25399"}],"wp:term":[{"taxonomy":"category","embeddable":true,"href":"https:\/\/obscom.intervozes.org.br\/index.php?rest_route=%2Fwp%2Fv2%2Fcategories&post=25399"},{"taxonomy":"post_tag","embeddable":true,"href":"https:\/\/obscom.intervozes.org.br\/index.php?rest_route=%2Fwp%2Fv2%2Ftags&post=25399"}],"curies":[{"name":"wp","href":"https:\/\/api.w.org\/{rel}","templated":true}]}}