{"id":25393,"date":"2011-03-02T09:58:57","date_gmt":"2011-03-02T09:58:57","guid":{"rendered":"https:\/\/obscom.intervozes.org.br\/wordpress\/?p=25393"},"modified":"2011-03-02T09:58:57","modified_gmt":"2011-03-02T09:58:57","slug":"deputado-bruno-araujo-presidira-cctci-da-camara","status":"publish","type":"post","link":"https:\/\/obscom.intervozes.org.br\/?p=25393","title":{"rendered":"Deputado Bruno Ara\u00fajo presidir\u00e1 CCTCI da C\u00e2mara"},"content":{"rendered":"<p class=\"padrao\"><strong>Reda&ccedil;&atilde;o &#8211; Portal TeleTime <\/strong><\/p>\n<p class=\"padrao\">&nbsp;<\/p>\n<p><span>O PSDB escolheu o nome do novo presidente da  Comiss&atilde;o de Ci&ecirc;ncia e Tecnologia, Comunica&ccedil;&atilde;o e Inform&aacute;tica (CCTCI) da  C&acirc;mara dos Deputados. O comando da comiss&atilde;o ficar&aacute; com o deputado Bruno  Ara&uacute;jo (PSDB\/PE). O parlamentar est&aacute; em seu segundo mandato como  deputado federal e presidiu a legenda em seu estado nos anos de 2006,  2007 e 2009. <\/p>\n<p>Com forma&ccedil;&atilde;o em Direito, Ara&uacute;jo faz parte da chamada &quot;bancada  empresarial&quot; da C&acirc;mara e exerceu suas atividades legislativas  principalmente nas comiss&otilde;es de Constitui&ccedil;&atilde;o e Justi&ccedil;a (CCJ) e de  Finan&ccedil;as e Or&ccedil;amento (CFO). Tamb&eacute;m atuou nas &aacute;reas de Defesa do  Consumidor e de Minas e Energia nos &uacute;ltimos anos, tendo participado de  v&aacute;rias comiss&otilde;es especiais na C&acirc;mara. <\/p>\n<p>Na &aacute;rea de telecomunica&ccedil;&otilde;es, no entanto, o novo presidente da  CCTCI est&aacute; praticamente fazendo sua estr&eacute;ia. Bruno Ara&uacute;jo foi registrado  como titular na composi&ccedil;&atilde;o da comiss&atilde;o por apenas um m&ecirc;s no ano passado  (entre 3 de mar&ccedil;o e 7 de abril de 2010), segundo registros da C&acirc;mara  dos Deputados. A data da posse da nova presid&ecirc;ncia da comiss&atilde;o ainda n&atilde;o  foi agendada.<\/span><\/p>\n","protected":false},"excerpt":{"rendered":"<p>Reda&ccedil;&atilde;o &#8211; Portal TeleTime &nbsp; O PSDB escolheu o nome do novo presidente da Comiss&atilde;o de Ci&ecirc;ncia e Tecnologia, Comunica&ccedil;&atilde;o e Inform&aacute;tica (CCTCI) da C&acirc;mara dos Deputados. O comando da comiss&atilde;o ficar&aacute; com o deputado Bruno Ara&uacute;jo (PSDB\/PE). O parlamentar est&aacute; em seu segundo mandato como deputado federal e presidiu a legenda em seu estado &hellip; <a href=\"https:\/\/obscom.intervozes.org.br\/?p=25393\" class=\"more-link\">Continue lendo <span class=\"screen-reader-text\">Deputado Bruno Ara\u00fajo presidir\u00e1 CCTCI da C\u00e2mara<\/span> <span class=\"meta-nav\">&rarr;<\/span><\/a><\/p>\n","protected":false},"author":1,"featured_media":0,"comment_status":"open","ping_status":"open","sticky":false,"template":"","format":"standard","meta":{"footnotes":""},"categories":[39],"tags":[],"_links":{"self":[{"href":"https:\/\/obscom.intervozes.org.br\/index.php?rest_route=\/wp\/v2\/posts\/25393"}],"collection":[{"href":"https:\/\/obscom.intervozes.org.br\/index.php?rest_route=\/wp\/v2\/posts"}],"about":[{"href":"https:\/\/obscom.intervozes.org.br\/index.php?rest_route=\/wp\/v2\/types\/post"}],"author":[{"embeddable":true,"href":"https:\/\/obscom.intervozes.org.br\/index.php?rest_route=\/wp\/v2\/users\/1"}],"replies":[{"embeddable":true,"href":"https:\/\/obscom.intervozes.org.br\/index.php?rest_route=%2Fwp%2Fv2%2Fcomments&post=25393"}],"version-history":[{"count":0,"href":"https:\/\/obscom.intervozes.org.br\/index.php?rest_route=\/wp\/v2\/posts\/25393\/revisions"}],"wp:attachment":[{"href":"https:\/\/obscom.intervozes.org.br\/index.php?rest_route=%2Fwp%2Fv2%2Fmedia&parent=25393"}],"wp:term":[{"taxonomy":"category","embeddable":true,"href":"https:\/\/obscom.intervozes.org.br\/index.php?rest_route=%2Fwp%2Fv2%2Fcategories&post=25393"},{"taxonomy":"post_tag","embeddable":true,"href":"https:\/\/obscom.intervozes.org.br\/index.php?rest_route=%2Fwp%2Fv2%2Ftags&post=25393"}],"curies":[{"name":"wp","href":"https:\/\/api.w.org\/{rel}","templated":true}]}}