{"id":25391,"date":"2011-03-01T16:39:32","date_gmt":"2011-03-01T16:39:32","guid":{"rendered":"https:\/\/obscom.intervozes.org.br\/wordpress\/?p=25391"},"modified":"2011-03-01T16:39:32","modified_gmt":"2011-03-01T16:39:32","slug":"telebras-e-governo-do-espirito-santo-vao-construir-rede-compartilhada","status":"publish","type":"post","link":"https:\/\/obscom.intervozes.org.br\/?p=25391","title":{"rendered":"Telebr\u00e1s e governo do Esp\u00edrito Santo v\u00e3o construir rede compartilhada"},"content":{"rendered":"<p><span class=\"padrao\">A Telebr&aacute;s e o governo do Esp&iacute;rito Santo v&atilde;o desenvolver um amplo plano de compartilhamento de rede e infraestrutura em todo o estado. Em reuni&atilde;o realizada hoje, 28, entre o presidente da estatal, Rog&eacute;rio Santanna, e o governador Renato Casagrande para discutir a instala&ccedil;&atilde;o de um centro de opera&ccedil;&atilde;o da rede nacional de telecomunica&ccedil;&otilde;es no Esp&iacute;rito Santo, ficou decidido que ser&aacute; criado um grupo de trabalho para implementar o compartilhamento.<\/p>\n<p>Al&eacute;m do NOC da Telebr&aacute;s, que ser&aacute; instalado em &aacute;rea cedida pelo governo estadual junto ao Instituto de Tecnologia da Informa&ccedil;&atilde;o e Comunica&ccedil;&atilde;o do Esp&iacute;rito Santo (Prodest), at&eacute; o final do ano; a ideia &eacute; tra&ccedil;ar um plano de expans&atilde;o das redes da Telebr&aacute;s e do governo em todo o estado em um modelo de compartilhamento de infraestrutura (torres e sites), al&eacute;m de fibras &oacute;pticas.<\/p>\n<p>&ldquo;O governador nos recebeu muito bem e est&aacute; muito entusiasmado com o projeto. Foi criado um comit&ecirc; envolvendo diversas secretarias, entre elas as de Governo, Ci&ecirc;ncia e Tecnologia e a da Fazenda, al&eacute;m da Funda&ccedil;&atilde;o de Amparo &agrave; Pesquisa do Esp&iacute;rito Santo, que vai mapear as necessidades do estado, come&ccedil;ando por Vit&oacute;ria. Tamb&eacute;m ser&aacute; elaborado um Plano Diretor da Grande Vit&oacute;ria para as cidades do entorno como Cariacica, Vila Velha e Serra. A ideia &eacute; que o estudo conjunto aponte as possibilidades de expans&atilde;o das duas redes. Com isso teremos uma grande redu&ccedil;&atilde;o dos investimentos de ambas as partes&rdquo;, diz Santanna.<\/p>\n<p>Tamb&eacute;m ficou decidido que a integra&ccedil;&atilde;o das redes de banda larga do Governo do Estado e da Telebr&aacute;s ser&aacute; iniciada at&eacute; o final deste primeiro semestre. A Rede Nacional da Telebr&aacute;s estar&aacute; interligada &agrave; Rede Metro.ES\/Metrovix, que ser&aacute; respons&aacute;vel pela interconex&atilde;o de cerca de 100 pontos de acesso de diversas secretarias estaduais, al&eacute;m de empresas e &oacute;rg&atilde;os p&uacute;blicos vinculados ao governo do Estado na capital. Com velocidades de 1 Gbps a 10 Gbps, essa estrutura, or&ccedil;ada em R$ 9,77 milh&otilde;es, possui 55 km de extens&atilde;o e dever&aacute; estar em pleno funcionamento at&eacute; o final de junho.<\/p>\n<p>Outra prioridade &eacute; fazer com que dez munic&iacute;pios no Estado sejam integrados ao Programa Nacional de Banda Larga (PNBL) at&eacute; o final deste ano. Segundo o presidente da Funda&ccedil;&atilde;o de Amparo &agrave; Pesquisa do Esp&iacute;rito Santo, Anilton Salles Garcia, a previs&atilde;o &eacute; que os 78 munic&iacute;pios capixabas tenham acesso &agrave; internet de alta velocidade at&eacute; 2014.<\/p>\n<p>A diretora t&eacute;cnica do Prodest, Sylvia Abaurre, disse que a Telebr&aacute;s, em parceria com o Comit&ecirc; Gestor da Internet no Brasil (CGI.br), est&aacute; implantando o primeiro ponto de tr&aacute;fego de dados no estado. Essa estrutura permitir&aacute; que o fluxo das informa&ccedil;&otilde;es permane&ccedil;a no ES, o que vai melhorar o tr&aacute;fego de dados das informa&ccedil;&otilde;es na internet para os capixabas.<\/p>\n<p><strong>Centro de Opera&ccedil;&otilde;es<\/strong><\/p>\n<p>O Centro de Opera&ccedil;&otilde;es da Telebr&aacute;s ser&aacute; instalado em Vit&oacute;ria at&eacute; o final deste ano. Este &eacute; o segundo NOC da estatal que servir&aacute; de conting&ecirc;ncia ao NOC principal em Bras&iacute;lia. A unidade ser&aacute; instalada no data center do Prodest, inaugurado no final de 2010. De acordo com o presidente da Telebr&aacute;s, o &oacute;rg&atilde;o estadual foi escolhido para receber esse tipo de empreendimento porque possui a infraestrutura necess&aacute;ria.<\/p>\n<p>&ldquo;O Prodest tem plenas condi&ccedil;&otilde;es de colaborar ativamente com o monitoramento dos dados das redes com fibra &oacute;ptica. O Esp&iacute;rito Santo possui atualmente uma infraestrutura de TI de primeira qualidade e que serve de refer&ecirc;ncia no pa&iacute;s&rdquo;, destacou Santanna.<\/p>\n<p>O centro principal de gerenciamento da rede da Telebr&aacute;s, sediado em Bras&iacute;lia, ser&aacute; respons&aacute;vel por monitorar a configura&ccedil;&atilde;o, o desempenho e a ocorr&ecirc;ncia de falhas, entre outros aspectos. Isso vai permitir o gerenciamento remoto das fibras &oacute;pticas, bem como de todos os equipamentos que ser&atilde;o instalados pela Telebr&aacute;s para viabilizar a implementa&ccedil;&atilde;o do Programa Nacional de Banda Larga (PNBL). J&aacute; a unidade de Vit&oacute;ria funcionar&aacute; como um backup, assumindo o monitoramento em caso de falha no sistema. <\/span><\/p>\n<p>&nbsp;<\/p>\n","protected":false},"excerpt":{"rendered":"<p>Um amplo plano de compartilhamento de infraestrutura entre a Telebr&aacute;s e o governo do Esp&iacute;rito Santo foi firmado<\/p>\n","protected":false},"author":1,"featured_media":0,"comment_status":"open","ping_status":"open","sticky":false,"template":"","format":"standard","meta":{"footnotes":""},"categories":[40],"tags":[1072],"_links":{"self":[{"href":"https:\/\/obscom.intervozes.org.br\/index.php?rest_route=\/wp\/v2\/posts\/25391"}],"collection":[{"href":"https:\/\/obscom.intervozes.org.br\/index.php?rest_route=\/wp\/v2\/posts"}],"about":[{"href":"https:\/\/obscom.intervozes.org.br\/index.php?rest_route=\/wp\/v2\/types\/post"}],"author":[{"embeddable":true,"href":"https:\/\/obscom.intervozes.org.br\/index.php?rest_route=\/wp\/v2\/users\/1"}],"replies":[{"embeddable":true,"href":"https:\/\/obscom.intervozes.org.br\/index.php?rest_route=%2Fwp%2Fv2%2Fcomments&post=25391"}],"version-history":[{"count":0,"href":"https:\/\/obscom.intervozes.org.br\/index.php?rest_route=\/wp\/v2\/posts\/25391\/revisions"}],"wp:attachment":[{"href":"https:\/\/obscom.intervozes.org.br\/index.php?rest_route=%2Fwp%2Fv2%2Fmedia&parent=25391"}],"wp:term":[{"taxonomy":"category","embeddable":true,"href":"https:\/\/obscom.intervozes.org.br\/index.php?rest_route=%2Fwp%2Fv2%2Fcategories&post=25391"},{"taxonomy":"post_tag","embeddable":true,"href":"https:\/\/obscom.intervozes.org.br\/index.php?rest_route=%2Fwp%2Fv2%2Ftags&post=25391"}],"curies":[{"name":"wp","href":"https:\/\/api.w.org\/{rel}","templated":true}]}}