{"id":25390,"date":"2011-03-01T16:36:54","date_gmt":"2011-03-01T16:36:54","guid":{"rendered":"https:\/\/obscom.intervozes.org.br\/wordpress\/?p=25390"},"modified":"2011-03-01T16:36:54","modified_gmt":"2011-03-01T16:36:54","slug":"minicom-tem-corte-de-57-no-orcamento-mas-pnbl-nao-sera-afetado","status":"publish","type":"post","link":"https:\/\/obscom.intervozes.org.br\/?p=25390","title":{"rendered":"Minicom tem corte de 57% no or\u00e7amento, mas PNBL n\u00e3o ser\u00e1 afetado"},"content":{"rendered":"<p><strong><span class=\"padrao\">Reda&ccedil;&atilde;o &#8211; Teletime<\/span><\/strong><span class=\"padrao\"><\/p>\n<p>O or&ccedil;amento do Minist&eacute;rio das Comunica&ccedil;&otilde;es para este ano foi reduzido em R$ 603,2 milh&otilde;es, ou seja, em 57%, o que com que o total de recursos ca&iacute;sse de R$ 1,05 bilh&atilde;o para R$ 451,9 milh&otilde;es. Apesar do tamanho do corte, o ministro das Comunica&ccedil;&otilde;es, Paulo Bernardo, disse que isso n&atilde;o ter&aacute; impacto sobre o Plano Nacional de Banda Larga e os projetos de inclus&atilde;o digital, como o Gesac, quer ser&atilde;o preservados.<\/p>\n<p>&quot;Vamos trabalhar com o or&ccedil;amento que foi dado. Com certeza, teremos que tirar alguma coisa, restringir, fazer adequa&ccedil;&otilde;es no or&ccedil;amento. Mas considero isso normal, n&atilde;o tem como ser diferente&quot;, afirmou o ministro. Bernardo disse que os t&eacute;cnicos do minist&eacute;rio ainda est&atilde;o avaliando cada &aacute;rea para ver onde ser&atilde;o feitos os cortes.<\/p>\n<p>O ministro enfatizou que a Telebras teve or&ccedil;amento liberado no fim do ano passado e que este n&atilde;o foi atingido pelo corte do governo. O or&ccedil;amento da estatal para este ano &eacute; de R$ 555 milh&otilde;es, incluindo recursos da Lei Or&ccedil;ament&aacute;ria de 2011 e da medida provis&oacute;ria 515. <\/span><\/p>\n<p>&nbsp;<\/p>\n","protected":false},"excerpt":{"rendered":"<p>Reda&ccedil;&atilde;o &#8211; Teletime O or&ccedil;amento do Minist&eacute;rio das Comunica&ccedil;&otilde;es para este ano foi reduzido em R$ 603,2 milh&otilde;es, ou seja, em 57%, o que com que o total de recursos ca&iacute;sse de R$ 1,05 bilh&atilde;o para R$ 451,9 milh&otilde;es. Apesar do tamanho do corte, o ministro das Comunica&ccedil;&otilde;es, Paulo Bernardo, disse que isso n&atilde;o ter&aacute; &hellip; <a href=\"https:\/\/obscom.intervozes.org.br\/?p=25390\" class=\"more-link\">Continue lendo <span class=\"screen-reader-text\">Minicom tem corte de 57% no or\u00e7amento, mas PNBL n\u00e3o ser\u00e1 afetado<\/span> <span class=\"meta-nav\">&rarr;<\/span><\/a><\/p>\n","protected":false},"author":1,"featured_media":0,"comment_status":"open","ping_status":"open","sticky":false,"template":"","format":"standard","meta":{"footnotes":""},"categories":[39],"tags":[],"_links":{"self":[{"href":"https:\/\/obscom.intervozes.org.br\/index.php?rest_route=\/wp\/v2\/posts\/25390"}],"collection":[{"href":"https:\/\/obscom.intervozes.org.br\/index.php?rest_route=\/wp\/v2\/posts"}],"about":[{"href":"https:\/\/obscom.intervozes.org.br\/index.php?rest_route=\/wp\/v2\/types\/post"}],"author":[{"embeddable":true,"href":"https:\/\/obscom.intervozes.org.br\/index.php?rest_route=\/wp\/v2\/users\/1"}],"replies":[{"embeddable":true,"href":"https:\/\/obscom.intervozes.org.br\/index.php?rest_route=%2Fwp%2Fv2%2Fcomments&post=25390"}],"version-history":[{"count":0,"href":"https:\/\/obscom.intervozes.org.br\/index.php?rest_route=\/wp\/v2\/posts\/25390\/revisions"}],"wp:attachment":[{"href":"https:\/\/obscom.intervozes.org.br\/index.php?rest_route=%2Fwp%2Fv2%2Fmedia&parent=25390"}],"wp:term":[{"taxonomy":"category","embeddable":true,"href":"https:\/\/obscom.intervozes.org.br\/index.php?rest_route=%2Fwp%2Fv2%2Fcategories&post=25390"},{"taxonomy":"post_tag","embeddable":true,"href":"https:\/\/obscom.intervozes.org.br\/index.php?rest_route=%2Fwp%2Fv2%2Ftags&post=25390"}],"curies":[{"name":"wp","href":"https:\/\/api.w.org\/{rel}","templated":true}]}}